{"id":2630,"date":"2024-10-13T22:00:58","date_gmt":"2024-10-13T20:00:58","guid":{"rendered":"https:\/\/wgphoto.pl\/t\/?p=2630"},"modified":"2024-10-13T22:00:58","modified_gmt":"2024-10-13T20:00:58","slug":"5e","status":"publish","type":"post","link":"https:\/\/wgphoto.pl\/t\/?p=2630","title":{"rendered":"5E"},"content":{"rendered":"\n<figure class=\"wp-block-image aligncenter size-full\"><img loading=\"lazy\" decoding=\"async\" width=\"1200\" height=\"795\" src=\"https:\/\/wgphoto.pl\/t\/wp-content\/uploads\/2024\/10\/IMGP9829.jpg\" alt=\"\" class=\"wp-image-2631\" srcset=\"https:\/\/wgphoto.pl\/t\/wp-content\/uploads\/2024\/10\/IMGP9829.jpg 1200w, https:\/\/wgphoto.pl\/t\/wp-content\/uploads\/2024\/10\/IMGP9829-300x199.jpg 300w, https:\/\/wgphoto.pl\/t\/wp-content\/uploads\/2024\/10\/IMGP9829-768x509.jpg 768w\" sizes=\"auto, (max-width: 1200px) 100vw, 1200px\" \/><\/figure>\n\n\n\n<div class=\"wp-block-group has-global-padding is-layout-constrained wp-block-group-is-layout-constrained\">\n<p>Kassel, Obere K\u00f6nigsstra\u00dfe. W nawi\u0105zaniu do wroc\u0142awskich linii E przypomnia\u0142em sobie, \u017ce w Niemczech te\u017c uda\u0142o mi si\u0119 takowe z\u0142apa\u0107. Na zdj\u0119ciu szczytowy kurs wariantowy do fabryki VW. 17.03.2017<\/p>\n<\/div>\n","protected":false},"excerpt":{"rendered":"<p>Kassel, Obere K\u00f6nigsstra\u00dfe. W nawi\u0105zaniu do wroc\u0142awskich linii E przypomnia\u0142em sobie, \u017ce w Niemczech te\u017c uda\u0142o mi si\u0119 takowe z\u0142apa\u0107. Na zdj\u0119ciu szczytowy kurs wariantowy do fabryki VW. 17.03.2017<\/p>\n","protected":false},"author":1,"featured_media":2631,"comment_status":"open","ping_status":"","sticky":false,"template":"","format":"standard","meta":{"footnotes":""},"categories":[368,3],"tags":[1338,239,1336,1151,1337,23],"class_list":["post-2630","post","type-post","status-publish","format-standard","has-post-thumbnail","hentry","category-rok-2017","category-tramwaj","tag-2017-03-17","tag-deptak","tag-kassel","tag-kassel-2017","tag-kvg-kassel","tag-niemcy"],"_links":{"self":[{"href":"https:\/\/wgphoto.pl\/t\/index.php?rest_route=\/wp\/v2\/posts\/2630","targetHints":{"allow":["GET"]}}],"collection":[{"href":"https:\/\/wgphoto.pl\/t\/index.php?rest_route=\/wp\/v2\/posts"}],"about":[{"href":"https:\/\/wgphoto.pl\/t\/index.php?rest_route=\/wp\/v2\/types\/post"}],"author":[{"embeddable":true,"href":"https:\/\/wgphoto.pl\/t\/index.php?rest_route=\/wp\/v2\/users\/1"}],"replies":[{"embeddable":true,"href":"https:\/\/wgphoto.pl\/t\/index.php?rest_route=%2Fwp%2Fv2%2Fcomments&post=2630"}],"version-history":[{"count":1,"href":"https:\/\/wgphoto.pl\/t\/index.php?rest_route=\/wp\/v2\/posts\/2630\/revisions"}],"predecessor-version":[{"id":2632,"href":"https:\/\/wgphoto.pl\/t\/index.php?rest_route=\/wp\/v2\/posts\/2630\/revisions\/2632"}],"wp:featuredmedia":[{"embeddable":true,"href":"https:\/\/wgphoto.pl\/t\/index.php?rest_route=\/wp\/v2\/media\/2631"}],"wp:attachment":[{"href":"https:\/\/wgphoto.pl\/t\/index.php?rest_route=%2Fwp%2Fv2%2Fmedia&parent=2630"}],"wp:term":[{"taxonomy":"category","embeddable":true,"href":"https:\/\/wgphoto.pl\/t\/index.php?rest_route=%2Fwp%2Fv2%2Fcategories&post=2630"},{"taxonomy":"post_tag","embeddable":true,"href":"https:\/\/wgphoto.pl\/t\/index.php?rest_route=%2Fwp%2Fv2%2Ftags&post=2630"}],"curies":[{"name":"wp","href":"https:\/\/api.w.org\/{rel}","templated":true}]}}