{"id":2695,"date":"2024-10-14T18:42:49","date_gmt":"2024-10-14T16:42:49","guid":{"rendered":"https:\/\/wgphoto.pl\/t\/?p=2695"},"modified":"2024-10-14T18:43:08","modified_gmt":"2024-10-14T16:43:08","slug":"stodwojka-przez-podworko","status":"publish","type":"post","link":"https:\/\/wgphoto.pl\/t\/?p=2695","title":{"rendered":"Stodw\u00f3jk\u0105 przez podw\u00f3rko"},"content":{"rendered":"\n<figure class=\"wp-block-image aligncenter size-full\"><img loading=\"lazy\" decoding=\"async\" width=\"1200\" height=\"800\" src=\"https:\/\/wgphoto.pl\/t\/wp-content\/uploads\/2024\/10\/0327-22.jpg\" alt=\"\" class=\"wp-image-2696\" srcset=\"https:\/\/wgphoto.pl\/t\/wp-content\/uploads\/2024\/10\/0327-22.jpg 1200w, https:\/\/wgphoto.pl\/t\/wp-content\/uploads\/2024\/10\/0327-22-300x200.jpg 300w, https:\/\/wgphoto.pl\/t\/wp-content\/uploads\/2024\/10\/0327-22-768x512.jpg 768w\" sizes=\"auto, (max-width: 1200px) 100vw, 1200px\" \/><\/figure>\n\n\n\n<div class=\"wp-block-group has-global-padding is-layout-constrained wp-block-group-is-layout-constrained\">\n<p>Katowice, odcinek wzd\u0142u\u017c Trasy Re\u0144c\u00f3w, poprowadzony podw\u00f3rkami familok\u00f3w stoj\u0105cych przy ul. Gliwickiej. W roli g\u0142\u00f3wnej wagon nr 112. 30.07.2003<\/p>\n<\/div>\n","protected":false},"excerpt":{"rendered":"<p>Katowice, odcinek wzd\u0142u\u017c Trasy Re\u0144c\u00f3w, poprowadzony podw\u00f3rkami familok\u00f3w stoj\u0105cych przy ul. Gliwickiej. W roli g\u0142\u00f3wnej wagon nr 112. 30.07.2003<\/p>\n","protected":false},"author":1,"featured_media":2696,"comment_status":"open","ping_status":"","sticky":false,"template":"","format":"standard","meta":{"footnotes":""},"categories":[62,149,3],"tags":[1090,34,277,1371,309,118,279],"class_list":["post-2695","post","type-post","status-publish","format-standard","has-post-thumbnail","hentry","category-analog","category-rok-2003","category-tramwaj","tag-2003-07-30","tag-architektura","tag-gop","tag-katowice","tag-konstal-102na","tag-plany-i-profile","tag-tramwaje-slaskie"],"_links":{"self":[{"href":"https:\/\/wgphoto.pl\/t\/index.php?rest_route=\/wp\/v2\/posts\/2695","targetHints":{"allow":["GET"]}}],"collection":[{"href":"https:\/\/wgphoto.pl\/t\/index.php?rest_route=\/wp\/v2\/posts"}],"about":[{"href":"https:\/\/wgphoto.pl\/t\/index.php?rest_route=\/wp\/v2\/types\/post"}],"author":[{"embeddable":true,"href":"https:\/\/wgphoto.pl\/t\/index.php?rest_route=\/wp\/v2\/users\/1"}],"replies":[{"embeddable":true,"href":"https:\/\/wgphoto.pl\/t\/index.php?rest_route=%2Fwp%2Fv2%2Fcomments&post=2695"}],"version-history":[{"count":1,"href":"https:\/\/wgphoto.pl\/t\/index.php?rest_route=\/wp\/v2\/posts\/2695\/revisions"}],"predecessor-version":[{"id":2697,"href":"https:\/\/wgphoto.pl\/t\/index.php?rest_route=\/wp\/v2\/posts\/2695\/revisions\/2697"}],"wp:featuredmedia":[{"embeddable":true,"href":"https:\/\/wgphoto.pl\/t\/index.php?rest_route=\/wp\/v2\/media\/2696"}],"wp:attachment":[{"href":"https:\/\/wgphoto.pl\/t\/index.php?rest_route=%2Fwp%2Fv2%2Fmedia&parent=2695"}],"wp:term":[{"taxonomy":"category","embeddable":true,"href":"https:\/\/wgphoto.pl\/t\/index.php?rest_route=%2Fwp%2Fv2%2Fcategories&post=2695"},{"taxonomy":"post_tag","embeddable":true,"href":"https:\/\/wgphoto.pl\/t\/index.php?rest_route=%2Fwp%2Fv2%2Ftags&post=2695"}],"curies":[{"name":"wp","href":"https:\/\/api.w.org\/{rel}","templated":true}]}}