{"id":2698,"date":"2024-10-14T18:44:16","date_gmt":"2024-10-14T16:44:16","guid":{"rendered":"https:\/\/wgphoto.pl\/t\/?p=2698"},"modified":"2024-10-14T18:44:16","modified_gmt":"2024-10-14T16:44:16","slug":"lipiny","status":"publish","type":"post","link":"https:\/\/wgphoto.pl\/t\/?p=2698","title":{"rendered":"Lipiny"},"content":{"rendered":"\n<figure class=\"wp-block-image aligncenter size-full\"><img loading=\"lazy\" decoding=\"async\" width=\"1200\" height=\"800\" src=\"https:\/\/wgphoto.pl\/t\/wp-content\/uploads\/2024\/10\/0327-29.jpg\" alt=\"\" class=\"wp-image-2699\" srcset=\"https:\/\/wgphoto.pl\/t\/wp-content\/uploads\/2024\/10\/0327-29.jpg 1200w, https:\/\/wgphoto.pl\/t\/wp-content\/uploads\/2024\/10\/0327-29-300x200.jpg 300w, https:\/\/wgphoto.pl\/t\/wp-content\/uploads\/2024\/10\/0327-29-768x512.jpg 768w\" sizes=\"auto, (max-width: 1200px) 100vw, 1200px\" \/><\/figure>\n\n\n\n<div class=\"wp-block-group has-global-padding is-layout-constrained wp-block-group-is-layout-constrained\">\n<p>\u015awi\u0119toch\u0142owice-Lipiny, ul. Norberta Barlickiego. Po fakcie dowiedzia\u0142em si\u0119, \u017ce to jedna z tych zakazanych dzielnic, gdzie lepiej z aparatem si\u0119 nie pojawia\u0107, a by\u0142em tam kilkukrotnie (bo jest klimat) i w\u0142os mi z g\u0142owy nie spad\u0142. \ud83d\ude09 30.07.2003<\/p>\n<\/div>\n","protected":false},"excerpt":{"rendered":"<p>\u015awi\u0119toch\u0142owice-Lipiny, ul. Norberta Barlickiego. Po fakcie dowiedzia\u0142em si\u0119, \u017ce to jedna z tych zakazanych dzielnic, gdzie lepiej z aparatem si\u0119 nie pojawia\u0107, a by\u0142em tam kilkukrotnie (bo jest klimat) i w\u0142os mi z g\u0142owy nie spad\u0142. \ud83d\ude09 30.07.2003<\/p>\n","protected":false},"author":1,"featured_media":2699,"comment_status":"open","ping_status":"","sticky":false,"template":"","format":"standard","meta":{"footnotes":""},"categories":[62,149,3],"tags":[1090,277,309,1091,279],"class_list":["post-2698","post","type-post","status-publish","format-standard","has-post-thumbnail","hentry","category-analog","category-rok-2003","category-tramwaj","tag-2003-07-30","tag-gop","tag-konstal-102na","tag-swietochlowice","tag-tramwaje-slaskie"],"_links":{"self":[{"href":"https:\/\/wgphoto.pl\/t\/index.php?rest_route=\/wp\/v2\/posts\/2698","targetHints":{"allow":["GET"]}}],"collection":[{"href":"https:\/\/wgphoto.pl\/t\/index.php?rest_route=\/wp\/v2\/posts"}],"about":[{"href":"https:\/\/wgphoto.pl\/t\/index.php?rest_route=\/wp\/v2\/types\/post"}],"author":[{"embeddable":true,"href":"https:\/\/wgphoto.pl\/t\/index.php?rest_route=\/wp\/v2\/users\/1"}],"replies":[{"embeddable":true,"href":"https:\/\/wgphoto.pl\/t\/index.php?rest_route=%2Fwp%2Fv2%2Fcomments&post=2698"}],"version-history":[{"count":1,"href":"https:\/\/wgphoto.pl\/t\/index.php?rest_route=\/wp\/v2\/posts\/2698\/revisions"}],"predecessor-version":[{"id":2700,"href":"https:\/\/wgphoto.pl\/t\/index.php?rest_route=\/wp\/v2\/posts\/2698\/revisions\/2700"}],"wp:featuredmedia":[{"embeddable":true,"href":"https:\/\/wgphoto.pl\/t\/index.php?rest_route=\/wp\/v2\/media\/2699"}],"wp:attachment":[{"href":"https:\/\/wgphoto.pl\/t\/index.php?rest_route=%2Fwp%2Fv2%2Fmedia&parent=2698"}],"wp:term":[{"taxonomy":"category","embeddable":true,"href":"https:\/\/wgphoto.pl\/t\/index.php?rest_route=%2Fwp%2Fv2%2Fcategories&post=2698"},{"taxonomy":"post_tag","embeddable":true,"href":"https:\/\/wgphoto.pl\/t\/index.php?rest_route=%2Fwp%2Fv2%2Ftags&post=2698"}],"curies":[{"name":"wp","href":"https:\/\/api.w.org\/{rel}","templated":true}]}}