{"id":2704,"date":"2024-10-14T18:46:51","date_gmt":"2024-10-14T16:46:51","guid":{"rendered":"https:\/\/wgphoto.pl\/t\/?p=2704"},"modified":"2024-10-14T18:46:51","modified_gmt":"2024-10-14T16:46:51","slug":"mijanka-nieidealna","status":"publish","type":"post","link":"https:\/\/wgphoto.pl\/t\/?p=2704","title":{"rendered":"Mijanka nieidealna"},"content":{"rendered":"\n<figure class=\"wp-block-image aligncenter size-full\"><img loading=\"lazy\" decoding=\"async\" width=\"1200\" height=\"803\" src=\"https:\/\/wgphoto.pl\/t\/wp-content\/uploads\/2024\/10\/IMGP4358.jpg\" alt=\"\" class=\"wp-image-2705\" srcset=\"https:\/\/wgphoto.pl\/t\/wp-content\/uploads\/2024\/10\/IMGP4358.jpg 1200w, https:\/\/wgphoto.pl\/t\/wp-content\/uploads\/2024\/10\/IMGP4358-300x201.jpg 300w, https:\/\/wgphoto.pl\/t\/wp-content\/uploads\/2024\/10\/IMGP4358-768x514.jpg 768w\" sizes=\"auto, (max-width: 1200px) 100vw, 1200px\" \/><\/figure>\n\n\n\n<div class=\"wp-block-group has-global-padding is-layout-constrained wp-block-group-is-layout-constrained\">\n<p>Mijanka na p\u0142n-wsch g\u0142owicy stacji Praha hlavn\u00ed n\u00e1dra\u017e\u00ed. Pendo jedzie jako SuperCity 506 &#8222;SC Pendolino&#8221; z Bohum\u00edna, a sk\u0142ad prowadzony lokomotyw\u0105 serii 380 nie pasuje mi do niczego w rozk\u0142adzie jazdy. W tle widoczny jest podmiejski dworzec czo\u0142owy Praha Masarykovo n\u00e1dra\u017e\u00ed oraz charakterystyczne, strzeliste wie\u017ce praskiej star\u00f3wki. 01.10.2011<\/p>\n<\/div>\n","protected":false},"excerpt":{"rendered":"<p>Mijanka na p\u0142n-wsch g\u0142owicy stacji Praha hlavn\u00ed n\u00e1dra\u017e\u00ed. Pendo jedzie jako SuperCity 506 &#8222;SC Pendolino&#8221; z Bohum\u00edna, a sk\u0142ad prowadzony lokomotyw\u0105 serii 380 nie pasuje mi do niczego w rozk\u0142adzie jazdy. W tle widoczny jest podmiejski dworzec czo\u0142owy Praha Masarykovo n\u00e1dra\u017e\u00ed oraz charakterystyczne, strzeliste wie\u017ce praskiej star\u00f3wki. 01.10.2011<\/p>\n","protected":false},"author":1,"featured_media":2705,"comment_status":"open","ping_status":"","sticky":false,"template":"","format":"standard","meta":{"footnotes":""},"categories":[2,77],"tags":[1376,1378,50,49,113,754,52,703,1375,1377],"class_list":["post-2704","post","type-post","status-publish","format-standard","has-post-thumbnail","hentry","category-kolej","category-rok-2011","tag-2011-10-01","tag-1378","tag-cd","tag-czechy","tag-landszaft","tag-pendolino","tag-praga","tag-praha-hlavni-nadrazi","tag-tab-cz010","tag-tab-cz011"],"_links":{"self":[{"href":"https:\/\/wgphoto.pl\/t\/index.php?rest_route=\/wp\/v2\/posts\/2704","targetHints":{"allow":["GET"]}}],"collection":[{"href":"https:\/\/wgphoto.pl\/t\/index.php?rest_route=\/wp\/v2\/posts"}],"about":[{"href":"https:\/\/wgphoto.pl\/t\/index.php?rest_route=\/wp\/v2\/types\/post"}],"author":[{"embeddable":true,"href":"https:\/\/wgphoto.pl\/t\/index.php?rest_route=\/wp\/v2\/users\/1"}],"replies":[{"embeddable":true,"href":"https:\/\/wgphoto.pl\/t\/index.php?rest_route=%2Fwp%2Fv2%2Fcomments&post=2704"}],"version-history":[{"count":1,"href":"https:\/\/wgphoto.pl\/t\/index.php?rest_route=\/wp\/v2\/posts\/2704\/revisions"}],"predecessor-version":[{"id":2706,"href":"https:\/\/wgphoto.pl\/t\/index.php?rest_route=\/wp\/v2\/posts\/2704\/revisions\/2706"}],"wp:featuredmedia":[{"embeddable":true,"href":"https:\/\/wgphoto.pl\/t\/index.php?rest_route=\/wp\/v2\/media\/2705"}],"wp:attachment":[{"href":"https:\/\/wgphoto.pl\/t\/index.php?rest_route=%2Fwp%2Fv2%2Fmedia&parent=2704"}],"wp:term":[{"taxonomy":"category","embeddable":true,"href":"https:\/\/wgphoto.pl\/t\/index.php?rest_route=%2Fwp%2Fv2%2Fcategories&post=2704"},{"taxonomy":"post_tag","embeddable":true,"href":"https:\/\/wgphoto.pl\/t\/index.php?rest_route=%2Fwp%2Fv2%2Ftags&post=2704"}],"curies":[{"name":"wp","href":"https:\/\/api.w.org\/{rel}","templated":true}]}}