{"id":2707,"date":"2024-10-14T18:47:52","date_gmt":"2024-10-14T16:47:52","guid":{"rendered":"https:\/\/wgphoto.pl\/t\/?p=2707"},"modified":"2024-10-14T18:47:52","modified_gmt":"2024-10-14T16:47:52","slug":"tatry-pod-czeska-flaga","status":"publish","type":"post","link":"https:\/\/wgphoto.pl\/t\/?p=2707","title":{"rendered":"Tatry pod czesk\u0105 flag\u0105"},"content":{"rendered":"\n<figure class=\"wp-block-image aligncenter size-full\"><img loading=\"lazy\" decoding=\"async\" width=\"1200\" height=\"800\" src=\"https:\/\/wgphoto.pl\/t\/wp-content\/uploads\/2024\/10\/0902-08a.jpg\" alt=\"\" class=\"wp-image-2708\" srcset=\"https:\/\/wgphoto.pl\/t\/wp-content\/uploads\/2024\/10\/0902-08a.jpg 1200w, https:\/\/wgphoto.pl\/t\/wp-content\/uploads\/2024\/10\/0902-08a-300x200.jpg 300w, https:\/\/wgphoto.pl\/t\/wp-content\/uploads\/2024\/10\/0902-08a-768x512.jpg 768w\" sizes=\"auto, (max-width: 1200px) 100vw, 1200px\" \/><\/figure>\n\n\n\n<div class=\"wp-block-group has-global-padding is-layout-constrained wp-block-group-is-layout-constrained\">\n<p>\u2026oraz kilkoma innymi, spo\u015br\u00f3d kt\u00f3rych narodowa jest jednak najwi\u0119ksza. Sk\u0142ad 8163+8165 odbywa przerw\u0119 na p\u0119tli Podbaba w Pradze, dzi\u015b ju\u017c nieistniej\u0105cej, gdy\u017c tras\u0119 przed\u0142u\u017cono kawa\u0142ek dalej, do nowego przystanku kolejowego. 15.02.2009<\/p>\n<\/div>\n","protected":false},"excerpt":{"rendered":"<p>\u2026oraz kilkoma innymi, spo\u015br\u00f3d kt\u00f3rych narodowa jest jednak najwi\u0119ksza. Sk\u0142ad 8163+8165 odbywa przerw\u0119 na p\u0119tli Podbaba w Pradze, dzi\u015b ju\u017c nieistniej\u0105cej, gdy\u017c tras\u0119 przed\u0142u\u017cono kawa\u0142ek dalej, do nowego przystanku kolejowego. 15.02.2009<\/p>\n","protected":false},"author":1,"featured_media":2708,"comment_status":"open","ping_status":"","sticky":false,"template":"","format":"standard","meta":{"footnotes":""},"categories":[62,169,3],"tags":[1379,49,1049,494,154,438,52,1011],"class_list":["post-2707","post","type-post","status-publish","format-standard","has-post-thumbnail","hentry","category-analog","category-rok-2009","category-tramwaj","tag-2009-02-15","tag-czechy","tag-dp-praha","tag-flaga","tag-noc","tag-portret-z-petli","tag-praga","tag-tatra-t3"],"_links":{"self":[{"href":"https:\/\/wgphoto.pl\/t\/index.php?rest_route=\/wp\/v2\/posts\/2707","targetHints":{"allow":["GET"]}}],"collection":[{"href":"https:\/\/wgphoto.pl\/t\/index.php?rest_route=\/wp\/v2\/posts"}],"about":[{"href":"https:\/\/wgphoto.pl\/t\/index.php?rest_route=\/wp\/v2\/types\/post"}],"author":[{"embeddable":true,"href":"https:\/\/wgphoto.pl\/t\/index.php?rest_route=\/wp\/v2\/users\/1"}],"replies":[{"embeddable":true,"href":"https:\/\/wgphoto.pl\/t\/index.php?rest_route=%2Fwp%2Fv2%2Fcomments&post=2707"}],"version-history":[{"count":1,"href":"https:\/\/wgphoto.pl\/t\/index.php?rest_route=\/wp\/v2\/posts\/2707\/revisions"}],"predecessor-version":[{"id":2709,"href":"https:\/\/wgphoto.pl\/t\/index.php?rest_route=\/wp\/v2\/posts\/2707\/revisions\/2709"}],"wp:featuredmedia":[{"embeddable":true,"href":"https:\/\/wgphoto.pl\/t\/index.php?rest_route=\/wp\/v2\/media\/2708"}],"wp:attachment":[{"href":"https:\/\/wgphoto.pl\/t\/index.php?rest_route=%2Fwp%2Fv2%2Fmedia&parent=2707"}],"wp:term":[{"taxonomy":"category","embeddable":true,"href":"https:\/\/wgphoto.pl\/t\/index.php?rest_route=%2Fwp%2Fv2%2Fcategories&post=2707"},{"taxonomy":"post_tag","embeddable":true,"href":"https:\/\/wgphoto.pl\/t\/index.php?rest_route=%2Fwp%2Fv2%2Ftags&post=2707"}],"curies":[{"name":"wp","href":"https:\/\/api.w.org\/{rel}","templated":true}]}}