{"id":2713,"date":"2024-10-16T20:35:54","date_gmt":"2024-10-16T18:35:54","guid":{"rendered":"https:\/\/wgphoto.pl\/t\/?p=2713"},"modified":"2024-10-16T20:35:54","modified_gmt":"2024-10-16T18:35:54","slug":"kwk-debiensko-w-pionie","status":"publish","type":"post","link":"https:\/\/wgphoto.pl\/t\/?p=2713","title":{"rendered":"KWK D\u0119bie\u0144sko w pionie"},"content":{"rendered":"\n<figure class=\"wp-block-image aligncenter size-full\"><img loading=\"lazy\" decoding=\"async\" width=\"700\" height=\"1050\" src=\"https:\/\/wgphoto.pl\/t\/wp-content\/uploads\/2024\/10\/0807-09.jpg\" alt=\"\" class=\"wp-image-2714\" srcset=\"https:\/\/wgphoto.pl\/t\/wp-content\/uploads\/2024\/10\/0807-09.jpg 700w, https:\/\/wgphoto.pl\/t\/wp-content\/uploads\/2024\/10\/0807-09-200x300.jpg 200w\" sizes=\"auto, (max-width: 700px) 100vw, 700px\" \/><\/figure>\n\n\n\n<div class=\"wp-block-group has-global-padding is-layout-constrained wp-block-group-is-layout-constrained\">\n<p>Poci\u0105g z s\u0105siedniego zdj\u0119cia w konkurencyjnym uj\u0119ciu, kt\u00f3re chyba bardziej mi si\u0119 podoba, mo\u017ce dlatego, \u017ce sk\u0142ad zosta\u0142 tu li\u017ani\u0119ty s\u0142o\u0144cem, czego zabrak\u0142o par\u0119 sekund wcze\u015bniej. 09.05.2008<\/p>\n<\/div>\n","protected":false},"excerpt":{"rendered":"<p>Poci\u0105g z s\u0105siedniego zdj\u0119cia w konkurencyjnym uj\u0119ciu, kt\u00f3re chyba bardziej mi si\u0119 podoba, mo\u017ce dlatego, \u017ce sk\u0142ad zosta\u0142 tu li\u017ani\u0119ty s\u0142o\u0144cem, czego zabrak\u0142o par\u0119 sekund wcze\u015bniej. 09.05.2008<\/p>\n","protected":false},"author":1,"featured_media":2714,"comment_status":"open","ping_status":"","sticky":false,"template":"","format":"standard","meta":{"footnotes":""},"categories":[62,2,128,120],"tags":[1382,283,1384,122,303,63,27,1385],"class_list":["post-2713","post","type-post","status-publish","format-standard","has-post-thumbnail","hentry","category-analog","category-kolej","category-pionowe","category-rok-2008","tag-2008-05-09","tag-bdhpmnu","tag-czerwionka-debiensko","tag-eu07","tag-industrial","tag-pkp","tag-polska","tag-tab-pl152"],"_links":{"self":[{"href":"https:\/\/wgphoto.pl\/t\/index.php?rest_route=\/wp\/v2\/posts\/2713","targetHints":{"allow":["GET"]}}],"collection":[{"href":"https:\/\/wgphoto.pl\/t\/index.php?rest_route=\/wp\/v2\/posts"}],"about":[{"href":"https:\/\/wgphoto.pl\/t\/index.php?rest_route=\/wp\/v2\/types\/post"}],"author":[{"embeddable":true,"href":"https:\/\/wgphoto.pl\/t\/index.php?rest_route=\/wp\/v2\/users\/1"}],"replies":[{"embeddable":true,"href":"https:\/\/wgphoto.pl\/t\/index.php?rest_route=%2Fwp%2Fv2%2Fcomments&post=2713"}],"version-history":[{"count":1,"href":"https:\/\/wgphoto.pl\/t\/index.php?rest_route=\/wp\/v2\/posts\/2713\/revisions"}],"predecessor-version":[{"id":2715,"href":"https:\/\/wgphoto.pl\/t\/index.php?rest_route=\/wp\/v2\/posts\/2713\/revisions\/2715"}],"wp:featuredmedia":[{"embeddable":true,"href":"https:\/\/wgphoto.pl\/t\/index.php?rest_route=\/wp\/v2\/media\/2714"}],"wp:attachment":[{"href":"https:\/\/wgphoto.pl\/t\/index.php?rest_route=%2Fwp%2Fv2%2Fmedia&parent=2713"}],"wp:term":[{"taxonomy":"category","embeddable":true,"href":"https:\/\/wgphoto.pl\/t\/index.php?rest_route=%2Fwp%2Fv2%2Fcategories&post=2713"},{"taxonomy":"post_tag","embeddable":true,"href":"https:\/\/wgphoto.pl\/t\/index.php?rest_route=%2Fwp%2Fv2%2Ftags&post=2713"}],"curies":[{"name":"wp","href":"https:\/\/api.w.org\/{rel}","templated":true}]}}