{"id":2716,"date":"2024-10-16T20:37:09","date_gmt":"2024-10-16T18:37:09","guid":{"rendered":"https:\/\/wgphoto.pl\/t\/?p=2716"},"modified":"2024-10-16T20:37:09","modified_gmt":"2024-10-16T18:37:09","slug":"kwk-debiensko-w-poziomie","status":"publish","type":"post","link":"https:\/\/wgphoto.pl\/t\/?p=2716","title":{"rendered":"KWK D\u0119bie\u0144sko w poziomie"},"content":{"rendered":"\n<figure class=\"wp-block-image aligncenter size-full\"><img loading=\"lazy\" decoding=\"async\" width=\"1200\" height=\"800\" src=\"https:\/\/wgphoto.pl\/t\/wp-content\/uploads\/2024\/10\/0807-08.jpg\" alt=\"\" class=\"wp-image-2717\" srcset=\"https:\/\/wgphoto.pl\/t\/wp-content\/uploads\/2024\/10\/0807-08.jpg 1200w, https:\/\/wgphoto.pl\/t\/wp-content\/uploads\/2024\/10\/0807-08-300x200.jpg 300w, https:\/\/wgphoto.pl\/t\/wp-content\/uploads\/2024\/10\/0807-08-768x512.jpg 768w\" sizes=\"auto, (max-width: 1200px) 100vw, 1200px\" \/><\/figure>\n\n\n\n<div class=\"wp-block-group has-global-padding is-layout-constrained wp-block-group-is-layout-constrained\">\n<p>EU07-135 z poci\u0105giem osobowym 807 relacji Katowice &#8211; Racib\u00f3rz zatrzymuje si\u0119 na stacji Czerwionka-D\u0119bie\u0144sko. 09.05.2008<\/p>\n<\/div>\n","protected":false},"excerpt":{"rendered":"<p>EU07-135 z poci\u0105giem osobowym 807 relacji Katowice &#8211; Racib\u00f3rz zatrzymuje si\u0119 na stacji Czerwionka-D\u0119bie\u0144sko. 09.05.2008<\/p>\n","protected":false},"author":1,"featured_media":2717,"comment_status":"open","ping_status":"","sticky":false,"template":"","format":"standard","meta":{"footnotes":""},"categories":[62,2,120],"tags":[1382,283,1384,122,303,63,27,1385],"class_list":["post-2716","post","type-post","status-publish","format-standard","has-post-thumbnail","hentry","category-analog","category-kolej","category-rok-2008","tag-2008-05-09","tag-bdhpmnu","tag-czerwionka-debiensko","tag-eu07","tag-industrial","tag-pkp","tag-polska","tag-tab-pl152"],"_links":{"self":[{"href":"https:\/\/wgphoto.pl\/t\/index.php?rest_route=\/wp\/v2\/posts\/2716","targetHints":{"allow":["GET"]}}],"collection":[{"href":"https:\/\/wgphoto.pl\/t\/index.php?rest_route=\/wp\/v2\/posts"}],"about":[{"href":"https:\/\/wgphoto.pl\/t\/index.php?rest_route=\/wp\/v2\/types\/post"}],"author":[{"embeddable":true,"href":"https:\/\/wgphoto.pl\/t\/index.php?rest_route=\/wp\/v2\/users\/1"}],"replies":[{"embeddable":true,"href":"https:\/\/wgphoto.pl\/t\/index.php?rest_route=%2Fwp%2Fv2%2Fcomments&post=2716"}],"version-history":[{"count":1,"href":"https:\/\/wgphoto.pl\/t\/index.php?rest_route=\/wp\/v2\/posts\/2716\/revisions"}],"predecessor-version":[{"id":2718,"href":"https:\/\/wgphoto.pl\/t\/index.php?rest_route=\/wp\/v2\/posts\/2716\/revisions\/2718"}],"wp:featuredmedia":[{"embeddable":true,"href":"https:\/\/wgphoto.pl\/t\/index.php?rest_route=\/wp\/v2\/media\/2717"}],"wp:attachment":[{"href":"https:\/\/wgphoto.pl\/t\/index.php?rest_route=%2Fwp%2Fv2%2Fmedia&parent=2716"}],"wp:term":[{"taxonomy":"category","embeddable":true,"href":"https:\/\/wgphoto.pl\/t\/index.php?rest_route=%2Fwp%2Fv2%2Fcategories&post=2716"},{"taxonomy":"post_tag","embeddable":true,"href":"https:\/\/wgphoto.pl\/t\/index.php?rest_route=%2Fwp%2Fv2%2Ftags&post=2716"}],"curies":[{"name":"wp","href":"https:\/\/api.w.org\/{rel}","templated":true}]}}