{"id":2746,"date":"2024-10-17T17:20:57","date_gmt":"2024-10-17T15:20:57","guid":{"rendered":"https:\/\/wgphoto.pl\/t\/?p=2746"},"modified":"2024-10-17T17:20:57","modified_gmt":"2024-10-17T15:20:57","slug":"przelotem-przez-wlen","status":"publish","type":"post","link":"https:\/\/wgphoto.pl\/t\/?p=2746","title":{"rendered":"Przelotem przez Wle\u0144"},"content":{"rendered":"\n<figure class=\"wp-block-image aligncenter size-full\"><img loading=\"lazy\" decoding=\"async\" width=\"1200\" height=\"800\" src=\"https:\/\/wgphoto.pl\/t\/wp-content\/uploads\/2024\/10\/0531-09.jpg\" alt=\"\" class=\"wp-image-2747\" srcset=\"https:\/\/wgphoto.pl\/t\/wp-content\/uploads\/2024\/10\/0531-09.jpg 1200w, https:\/\/wgphoto.pl\/t\/wp-content\/uploads\/2024\/10\/0531-09-300x200.jpg 300w, https:\/\/wgphoto.pl\/t\/wp-content\/uploads\/2024\/10\/0531-09-768x512.jpg 768w\" sizes=\"auto, (max-width: 1200px) 100vw, 1200px\" \/><\/figure>\n\n\n\n<div class=\"wp-block-group has-global-padding is-layout-constrained wp-block-group-is-layout-constrained\">\n<p>SU46-024 przeje\u017cd\u017ca bez zatrzymania przez stacj\u0119 we Wleniu. To i kolejne zdj\u0119cie by\u0142y w zasadzie jedynymi wykonanymi tego dnia. Tak si\u0119 kiedy\u015b je\u017adzi\u0142o na zdj\u0119cia, bez informacji z fejsbuka. 28.10.2005<\/p>\n<\/div>\n","protected":false},"excerpt":{"rendered":"<p>SU46-024 przeje\u017cd\u017ca bez zatrzymania przez stacj\u0119 we Wleniu. To i kolejne zdj\u0119cie by\u0142y w zasadzie jedynymi wykonanymi tego dnia. Tak si\u0119 kiedy\u015b je\u017adzi\u0142o na zdj\u0119cia, bez informacji z fejsbuka. 28.10.2005<\/p>\n","protected":false},"author":1,"featured_media":2747,"comment_status":"open","ping_status":"","sticky":false,"template":"","format":"standard","meta":{"footnotes":""},"categories":[62,2,311],"tags":[1394,126,173,63,27,84,363,1393],"class_list":["post-2746","post","type-post","status-publish","format-standard","has-post-thumbnail","hentry","category-analog","category-kolej","category-rok-2005","tag-2005-10-28","tag-jesien","tag-koncowki","tag-pkp","tag-polska","tag-su46","tag-tab-pl250","tag-wlen"],"_links":{"self":[{"href":"https:\/\/wgphoto.pl\/t\/index.php?rest_route=\/wp\/v2\/posts\/2746","targetHints":{"allow":["GET"]}}],"collection":[{"href":"https:\/\/wgphoto.pl\/t\/index.php?rest_route=\/wp\/v2\/posts"}],"about":[{"href":"https:\/\/wgphoto.pl\/t\/index.php?rest_route=\/wp\/v2\/types\/post"}],"author":[{"embeddable":true,"href":"https:\/\/wgphoto.pl\/t\/index.php?rest_route=\/wp\/v2\/users\/1"}],"replies":[{"embeddable":true,"href":"https:\/\/wgphoto.pl\/t\/index.php?rest_route=%2Fwp%2Fv2%2Fcomments&post=2746"}],"version-history":[{"count":1,"href":"https:\/\/wgphoto.pl\/t\/index.php?rest_route=\/wp\/v2\/posts\/2746\/revisions"}],"predecessor-version":[{"id":2748,"href":"https:\/\/wgphoto.pl\/t\/index.php?rest_route=\/wp\/v2\/posts\/2746\/revisions\/2748"}],"wp:featuredmedia":[{"embeddable":true,"href":"https:\/\/wgphoto.pl\/t\/index.php?rest_route=\/wp\/v2\/media\/2747"}],"wp:attachment":[{"href":"https:\/\/wgphoto.pl\/t\/index.php?rest_route=%2Fwp%2Fv2%2Fmedia&parent=2746"}],"wp:term":[{"taxonomy":"category","embeddable":true,"href":"https:\/\/wgphoto.pl\/t\/index.php?rest_route=%2Fwp%2Fv2%2Fcategories&post=2746"},{"taxonomy":"post_tag","embeddable":true,"href":"https:\/\/wgphoto.pl\/t\/index.php?rest_route=%2Fwp%2Fv2%2Ftags&post=2746"}],"curies":[{"name":"wp","href":"https:\/\/api.w.org\/{rel}","templated":true}]}}