{"id":2752,"date":"2024-10-17T17:23:14","date_gmt":"2024-10-17T15:23:14","guid":{"rendered":"https:\/\/wgphoto.pl\/t\/?p=2752"},"modified":"2024-10-17T17:23:14","modified_gmt":"2024-10-17T15:23:14","slug":"tramwaj-w-alpejskim-landszafcie","status":"publish","type":"post","link":"https:\/\/wgphoto.pl\/t\/?p=2752","title":{"rendered":"Tramwaj w alpejskim landszafcie"},"content":{"rendered":"\n<figure class=\"wp-block-image aligncenter size-full\"><img loading=\"lazy\" decoding=\"async\" width=\"1200\" height=\"795\" src=\"https:\/\/wgphoto.pl\/t\/wp-content\/uploads\/2024\/10\/IMGP7058-1.jpg\" alt=\"\" class=\"wp-image-2754\" srcset=\"https:\/\/wgphoto.pl\/t\/wp-content\/uploads\/2024\/10\/IMGP7058-1.jpg 1200w, https:\/\/wgphoto.pl\/t\/wp-content\/uploads\/2024\/10\/IMGP7058-1-300x199.jpg 300w, https:\/\/wgphoto.pl\/t\/wp-content\/uploads\/2024\/10\/IMGP7058-1-768x509.jpg 768w\" sizes=\"auto, (max-width: 1200px) 100vw, 1200px\" \/><\/figure>\n\n\n\n<div class=\"wp-block-group has-global-padding is-layout-constrained wp-block-group-is-layout-constrained\">\n<p>Kolejne uj\u0119cie ze zjazdu do Fulpmes na trasie STB z Innsbrucku (do pozosta\u0142ych mo\u017cna dotrze\u0107 po tagach), z wagonem nr 353 w roli g\u0142\u00f3wnej. W uj\u0119ciu z boku wyra\u017anie wida\u0107 nachylenie toru. W tle le\u017cy wioska Mieders, a w rogu zdj\u0119cia zza chmur wystaje szczyt Patscherkofel (2246 m n.p.m.). 19.08.2014<\/p>\n<\/div>\n","protected":false},"excerpt":{"rendered":"<p>Kolejne uj\u0119cie ze zjazdu do Fulpmes na trasie STB z Innsbrucku (do pozosta\u0142ych mo\u017cna dotrze\u0107 po tagach), z wagonem nr 353 w roli g\u0142\u00f3wnej. W uj\u0119ciu z boku wyra\u017anie wida\u0107 nachylenie toru. W tle le\u017cy wioska Mieders, a w rogu zdj\u0119cia zza chmur wystaje szczyt Patscherkofel (2246 m n.p.m.). 19.08.2014<\/p>\n","protected":false},"author":1,"featured_media":2754,"comment_status":"open","ping_status":"","sticky":false,"template":"","format":"standard","meta":{"footnotes":""},"categories":[48,3],"tags":[1397,9,185,114,241,242,113,1396,561],"class_list":["post-2752","post","type-post","status-publish","format-standard","has-post-thumbnail","hentry","category-rok-2014","category-tramwaj","tag-2014-08-19","tag-austria","tag-cityrunner","tag-gory","tag-innsbruck","tag-ivb-innsbruck","tag-landszaft","tag-stubaitalbahn","tag-tramwaj-podmiejski"],"_links":{"self":[{"href":"https:\/\/wgphoto.pl\/t\/index.php?rest_route=\/wp\/v2\/posts\/2752","targetHints":{"allow":["GET"]}}],"collection":[{"href":"https:\/\/wgphoto.pl\/t\/index.php?rest_route=\/wp\/v2\/posts"}],"about":[{"href":"https:\/\/wgphoto.pl\/t\/index.php?rest_route=\/wp\/v2\/types\/post"}],"author":[{"embeddable":true,"href":"https:\/\/wgphoto.pl\/t\/index.php?rest_route=\/wp\/v2\/users\/1"}],"replies":[{"embeddable":true,"href":"https:\/\/wgphoto.pl\/t\/index.php?rest_route=%2Fwp%2Fv2%2Fcomments&post=2752"}],"version-history":[{"count":1,"href":"https:\/\/wgphoto.pl\/t\/index.php?rest_route=\/wp\/v2\/posts\/2752\/revisions"}],"predecessor-version":[{"id":2755,"href":"https:\/\/wgphoto.pl\/t\/index.php?rest_route=\/wp\/v2\/posts\/2752\/revisions\/2755"}],"wp:featuredmedia":[{"embeddable":true,"href":"https:\/\/wgphoto.pl\/t\/index.php?rest_route=\/wp\/v2\/media\/2754"}],"wp:attachment":[{"href":"https:\/\/wgphoto.pl\/t\/index.php?rest_route=%2Fwp%2Fv2%2Fmedia&parent=2752"}],"wp:term":[{"taxonomy":"category","embeddable":true,"href":"https:\/\/wgphoto.pl\/t\/index.php?rest_route=%2Fwp%2Fv2%2Fcategories&post=2752"},{"taxonomy":"post_tag","embeddable":true,"href":"https:\/\/wgphoto.pl\/t\/index.php?rest_route=%2Fwp%2Fv2%2Ftags&post=2752"}],"curies":[{"name":"wp","href":"https:\/\/api.w.org\/{rel}","templated":true}]}}