{"id":2780,"date":"2024-10-17T17:33:49","date_gmt":"2024-10-17T15:33:49","guid":{"rendered":"https:\/\/wgphoto.pl\/t\/?p=2780"},"modified":"2024-10-17T17:33:49","modified_gmt":"2024-10-17T15:33:49","slug":"walbrzych-nie-jest-piekny","status":"publish","type":"post","link":"https:\/\/wgphoto.pl\/t\/?p=2780","title":{"rendered":"Wa\u0142brzych nie jest pi\u0119kny"},"content":{"rendered":"\n<figure class=\"wp-block-image aligncenter size-full\"><img loading=\"lazy\" decoding=\"async\" width=\"1200\" height=\"800\" src=\"https:\/\/wgphoto.pl\/t\/wp-content\/uploads\/2024\/10\/0511-33.jpg\" alt=\"\" class=\"wp-image-2781\" srcset=\"https:\/\/wgphoto.pl\/t\/wp-content\/uploads\/2024\/10\/0511-33.jpg 1200w, https:\/\/wgphoto.pl\/t\/wp-content\/uploads\/2024\/10\/0511-33-300x200.jpg 300w, https:\/\/wgphoto.pl\/t\/wp-content\/uploads\/2024\/10\/0511-33-768x512.jpg 768w\" sizes=\"auto, (max-width: 1200px) 100vw, 1200px\" \/><\/figure>\n\n\n\n<div class=\"wp-block-group has-global-padding is-layout-constrained wp-block-group-is-layout-constrained\">\n<p>SU42-502 z poci\u0105giem osobowym 8037 z K\u0142odzka G\u0142\u00f3wnego pokonuje wiadukt nad ulic\u0105 Niepodleg\u0142o\u015bci w Wa\u0142brzychu. 26.05.2005<\/p>\n<\/div>\n","protected":false},"excerpt":{"rendered":"<p>SU42-502 z poci\u0105giem osobowym 8037 z K\u0142odzka G\u0142\u00f3wnego pokonuje wiadukt nad ulic\u0105 Niepodleg\u0142o\u015bci w Wa\u0142brzychu. 26.05.2005<\/p>\n","protected":false},"author":1,"featured_media":2781,"comment_status":"open","ping_status":"","sticky":false,"template":"","format":"standard","meta":{"footnotes":""},"categories":[62,2,311],"tags":[1106,34,151,45,63,27,250,391,1101],"class_list":["post-2780","post","type-post","status-publish","format-standard","has-post-thumbnail","hentry","category-analog","category-kolej","category-rok-2005","tag-2005-05-26","tag-architektura","tag-ludzie","tag-most","tag-pkp","tag-polska","tag-su42","tag-tab-pl245","tag-walbrzych-glowny"],"_links":{"self":[{"href":"https:\/\/wgphoto.pl\/t\/index.php?rest_route=\/wp\/v2\/posts\/2780","targetHints":{"allow":["GET"]}}],"collection":[{"href":"https:\/\/wgphoto.pl\/t\/index.php?rest_route=\/wp\/v2\/posts"}],"about":[{"href":"https:\/\/wgphoto.pl\/t\/index.php?rest_route=\/wp\/v2\/types\/post"}],"author":[{"embeddable":true,"href":"https:\/\/wgphoto.pl\/t\/index.php?rest_route=\/wp\/v2\/users\/1"}],"replies":[{"embeddable":true,"href":"https:\/\/wgphoto.pl\/t\/index.php?rest_route=%2Fwp%2Fv2%2Fcomments&post=2780"}],"version-history":[{"count":1,"href":"https:\/\/wgphoto.pl\/t\/index.php?rest_route=\/wp\/v2\/posts\/2780\/revisions"}],"predecessor-version":[{"id":2782,"href":"https:\/\/wgphoto.pl\/t\/index.php?rest_route=\/wp\/v2\/posts\/2780\/revisions\/2782"}],"wp:featuredmedia":[{"embeddable":true,"href":"https:\/\/wgphoto.pl\/t\/index.php?rest_route=\/wp\/v2\/media\/2781"}],"wp:attachment":[{"href":"https:\/\/wgphoto.pl\/t\/index.php?rest_route=%2Fwp%2Fv2%2Fmedia&parent=2780"}],"wp:term":[{"taxonomy":"category","embeddable":true,"href":"https:\/\/wgphoto.pl\/t\/index.php?rest_route=%2Fwp%2Fv2%2Fcategories&post=2780"},{"taxonomy":"post_tag","embeddable":true,"href":"https:\/\/wgphoto.pl\/t\/index.php?rest_route=%2Fwp%2Fv2%2Ftags&post=2780"}],"curies":[{"name":"wp","href":"https:\/\/api.w.org\/{rel}","templated":true}]}}