{"id":2786,"date":"2024-10-17T17:35:47","date_gmt":"2024-10-17T15:35:47","guid":{"rendered":"https:\/\/wgphoto.pl\/t\/?p=2786"},"modified":"2024-10-17T17:35:47","modified_gmt":"2024-10-17T15:35:47","slug":"pod-kolor","status":"publish","type":"post","link":"https:\/\/wgphoto.pl\/t\/?p=2786","title":{"rendered":"Pod kolor"},"content":{"rendered":"\n<figure class=\"wp-block-image aligncenter size-full\"><img loading=\"lazy\" decoding=\"async\" width=\"1200\" height=\"795\" src=\"https:\/\/wgphoto.pl\/t\/wp-content\/uploads\/2024\/10\/IMGP7216.jpg\" alt=\"\" class=\"wp-image-2787\" srcset=\"https:\/\/wgphoto.pl\/t\/wp-content\/uploads\/2024\/10\/IMGP7216.jpg 1200w, https:\/\/wgphoto.pl\/t\/wp-content\/uploads\/2024\/10\/IMGP7216-300x199.jpg 300w, https:\/\/wgphoto.pl\/t\/wp-content\/uploads\/2024\/10\/IMGP7216-768x509.jpg 768w\" sizes=\"auto, (max-width: 1200px) 100vw, 1200px\" \/><\/figure>\n\n\n\n<div class=\"wp-block-group has-global-padding is-layout-constrained wp-block-group-is-layout-constrained\">\n<p>Wagon nr 6011 zbli\u017ca si\u0119 do przystanku <em>Wolfschlucht<\/em>. W Szwajcarii nawet w krzakach wszystko musi by\u0107 pod kolor. 22.03.2018<\/p>\n<\/div>\n","protected":false},"excerpt":{"rendered":"<p>Wagon nr 6011 zbli\u017ca si\u0119 do przystanku Wolfschlucht. W Szwajcarii nawet w krzakach wszystko musi by\u0107 pod kolor. 22.03.2018<\/p>\n","protected":false},"author":1,"featured_media":2787,"comment_status":"open","ping_status":"","sticky":false,"template":"","format":"standard","meta":{"footnotes":""},"categories":[156,3],"tags":[382,378,1410,379,1186,183,186],"class_list":["post-2786","post","type-post","status-publish","format-standard","has-post-thumbnail","hentry","category-rok-2018","category-tramwaj","tag-2018-03-22","tag-bazylea","tag-bombardier-flexity-2","tag-bvb-basel","tag-na-wsiadanego","tag-suissetrip-2018","tag-szwajcaria"],"_links":{"self":[{"href":"https:\/\/wgphoto.pl\/t\/index.php?rest_route=\/wp\/v2\/posts\/2786","targetHints":{"allow":["GET"]}}],"collection":[{"href":"https:\/\/wgphoto.pl\/t\/index.php?rest_route=\/wp\/v2\/posts"}],"about":[{"href":"https:\/\/wgphoto.pl\/t\/index.php?rest_route=\/wp\/v2\/types\/post"}],"author":[{"embeddable":true,"href":"https:\/\/wgphoto.pl\/t\/index.php?rest_route=\/wp\/v2\/users\/1"}],"replies":[{"embeddable":true,"href":"https:\/\/wgphoto.pl\/t\/index.php?rest_route=%2Fwp%2Fv2%2Fcomments&post=2786"}],"version-history":[{"count":1,"href":"https:\/\/wgphoto.pl\/t\/index.php?rest_route=\/wp\/v2\/posts\/2786\/revisions"}],"predecessor-version":[{"id":2788,"href":"https:\/\/wgphoto.pl\/t\/index.php?rest_route=\/wp\/v2\/posts\/2786\/revisions\/2788"}],"wp:featuredmedia":[{"embeddable":true,"href":"https:\/\/wgphoto.pl\/t\/index.php?rest_route=\/wp\/v2\/media\/2787"}],"wp:attachment":[{"href":"https:\/\/wgphoto.pl\/t\/index.php?rest_route=%2Fwp%2Fv2%2Fmedia&parent=2786"}],"wp:term":[{"taxonomy":"category","embeddable":true,"href":"https:\/\/wgphoto.pl\/t\/index.php?rest_route=%2Fwp%2Fv2%2Fcategories&post=2786"},{"taxonomy":"post_tag","embeddable":true,"href":"https:\/\/wgphoto.pl\/t\/index.php?rest_route=%2Fwp%2Fv2%2Ftags&post=2786"}],"curies":[{"name":"wp","href":"https:\/\/api.w.org\/{rel}","templated":true}]}}