{"id":279,"date":"2024-09-28T22:12:51","date_gmt":"2024-09-28T20:12:51","guid":{"rendered":"https:\/\/wgphoto.pl\/t\/?p=279"},"modified":"2024-09-29T18:26:42","modified_gmt":"2024-09-29T16:26:42","slug":"karlino-2","status":"publish","type":"post","link":"https:\/\/wgphoto.pl\/t\/?p=279","title":{"rendered":"Karlino (2)"},"content":{"rendered":"\n<figure class=\"wp-block-image aligncenter size-full\"><img loading=\"lazy\" decoding=\"async\" width=\"1200\" height=\"800\" src=\"https:\/\/wgphoto.pl\/t\/wp-content\/uploads\/20170120203907_0809-22.jpg\" alt=\"\" class=\"wp-image-280\" srcset=\"https:\/\/wgphoto.pl\/t\/wp-content\/uploads\/20170120203907_0809-22.jpg 1200w, https:\/\/wgphoto.pl\/t\/wp-content\/uploads\/20170120203907_0809-22-300x200.jpg 300w, https:\/\/wgphoto.pl\/t\/wp-content\/uploads\/20170120203907_0809-22-768x512.jpg 768w\" sizes=\"auto, (max-width: 1200px) 100vw, 1200px\" \/><\/figure>\n\n\n\n<div class=\"wp-block-group has-global-padding is-layout-constrained wp-block-group-is-layout-constrained\">\n<p class=\"has-text-align-left\">Odrobin\u0119 szersze spojrzenie na most w Karlinie, przez kt\u00f3ry tym razem przeje\u017cd\u017ca poci\u0105g pospieszny 38103 &#8222;Krakowianka&#8221; z Krakowa G\u0142\u00f3wnego do Ko\u0142obrzegu, prowadzony EP07-211. [06.08.2008]<\/p>\n<\/div>\n","protected":false},"excerpt":{"rendered":"<p>Odrobin\u0119 szersze spojrzenie na most w Karlinie, przez kt\u00f3ry tym razem przeje\u017cd\u017ca poci\u0105g pospieszny 38103 &#8222;Krakowianka&#8221; z Krakowa G\u0142\u00f3wnego do Ko\u0142obrzegu, prowadzony EP07-211. [06.08.2008]<\/p>\n","protected":false},"author":1,"featured_media":280,"comment_status":"open","ping_status":"","sticky":false,"template":"","format":"standard","meta":{"footnotes":""},"categories":[62,2,120],"tags":[123,124,121,45,63,27,73],"class_list":["post-279","post","type-post","status-publish","format-standard","has-post-thumbnail","hentry","category-analog","category-kolej","category-rok-2008","tag-2008-08-06","tag-ep07","tag-karlino","tag-most","tag-pkp","tag-polska","tag-rzeka"],"_links":{"self":[{"href":"https:\/\/wgphoto.pl\/t\/index.php?rest_route=\/wp\/v2\/posts\/279","targetHints":{"allow":["GET"]}}],"collection":[{"href":"https:\/\/wgphoto.pl\/t\/index.php?rest_route=\/wp\/v2\/posts"}],"about":[{"href":"https:\/\/wgphoto.pl\/t\/index.php?rest_route=\/wp\/v2\/types\/post"}],"author":[{"embeddable":true,"href":"https:\/\/wgphoto.pl\/t\/index.php?rest_route=\/wp\/v2\/users\/1"}],"replies":[{"embeddable":true,"href":"https:\/\/wgphoto.pl\/t\/index.php?rest_route=%2Fwp%2Fv2%2Fcomments&post=279"}],"version-history":[{"count":5,"href":"https:\/\/wgphoto.pl\/t\/index.php?rest_route=\/wp\/v2\/posts\/279\/revisions"}],"predecessor-version":[{"id":441,"href":"https:\/\/wgphoto.pl\/t\/index.php?rest_route=\/wp\/v2\/posts\/279\/revisions\/441"}],"wp:featuredmedia":[{"embeddable":true,"href":"https:\/\/wgphoto.pl\/t\/index.php?rest_route=\/wp\/v2\/media\/280"}],"wp:attachment":[{"href":"https:\/\/wgphoto.pl\/t\/index.php?rest_route=%2Fwp%2Fv2%2Fmedia&parent=279"}],"wp:term":[{"taxonomy":"category","embeddable":true,"href":"https:\/\/wgphoto.pl\/t\/index.php?rest_route=%2Fwp%2Fv2%2Fcategories&post=279"},{"taxonomy":"post_tag","embeddable":true,"href":"https:\/\/wgphoto.pl\/t\/index.php?rest_route=%2Fwp%2Fv2%2Ftags&post=279"}],"curies":[{"name":"wp","href":"https:\/\/api.w.org\/{rel}","templated":true}]}}