{"id":2801,"date":"2024-10-17T17:41:12","date_gmt":"2024-10-17T15:41:12","guid":{"rendered":"https:\/\/wgphoto.pl\/t\/?p=2801"},"modified":"2024-10-17T17:41:12","modified_gmt":"2024-10-17T15:41:12","slug":"jablonne-nad-orlici-2009","status":"publish","type":"post","link":"https:\/\/wgphoto.pl\/t\/?p=2801","title":{"rendered":"Jablonn\u00e9 nad Orlic\u00ed 2009"},"content":{"rendered":"\n<figure class=\"wp-block-image aligncenter size-full\"><img loading=\"lazy\" decoding=\"async\" width=\"1200\" height=\"803\" src=\"https:\/\/wgphoto.pl\/t\/wp-content\/uploads\/2024\/10\/IMGP0295.jpg\" alt=\"\" class=\"wp-image-2802\" srcset=\"https:\/\/wgphoto.pl\/t\/wp-content\/uploads\/2024\/10\/IMGP0295.jpg 1200w, https:\/\/wgphoto.pl\/t\/wp-content\/uploads\/2024\/10\/IMGP0295-300x201.jpg 300w, https:\/\/wgphoto.pl\/t\/wp-content\/uploads\/2024\/10\/IMGP0295-768x514.jpg 768w\" sizes=\"auto, (max-width: 1200px) 100vw, 1200px\" \/><\/figure>\n\n\n\n<div class=\"wp-block-group has-global-padding is-layout-constrained wp-block-group-is-layout-constrained\">\n<p>Perszing 163.039-1 prowadzi poci\u0105g przyspieszony 1909 &#8222;Ky\u0161perk&#8221; z \u00dast\u00ed nad Orlic\u00ed do Lichkova. Tylko dwa lata r\u00f3\u017cnicy wzgl\u0119dem poprzedniego, a zmiana (r\u00f3wnie\u017c w jako\u015bci zdj\u0119cia) kolosalna. 25.10.2009<\/p>\n<\/div>\n","protected":false},"excerpt":{"rendered":"<p>Perszing 163.039-1 prowadzi poci\u0105g przyspieszony 1909 &#8222;Ky\u0161perk&#8221; z \u00dast\u00ed nad Orlic\u00ed do Lichkova. Tylko dwa lata r\u00f3\u017cnicy wzgl\u0119dem poprzedniego, a zmiana (r\u00f3wnie\u017c w jako\u015bci zdj\u0119cia) kolosalna. 25.10.2009<\/p>\n","protected":false},"author":1,"featured_media":2802,"comment_status":"open","ping_status":"","sticky":false,"template":"","format":"standard","meta":{"footnotes":""},"categories":[2,169],"tags":[1401,1412,50,49,583,821,584],"class_list":["post-2801","post","type-post","status-publish","format-standard","has-post-thumbnail","hentry","category-kolej","category-rok-2009","tag-1401","tag-2009-10-25","tag-cd","tag-czechy","tag-jablonne-nad-orlici","tag-mgla","tag-tab-cz024"],"_links":{"self":[{"href":"https:\/\/wgphoto.pl\/t\/index.php?rest_route=\/wp\/v2\/posts\/2801","targetHints":{"allow":["GET"]}}],"collection":[{"href":"https:\/\/wgphoto.pl\/t\/index.php?rest_route=\/wp\/v2\/posts"}],"about":[{"href":"https:\/\/wgphoto.pl\/t\/index.php?rest_route=\/wp\/v2\/types\/post"}],"author":[{"embeddable":true,"href":"https:\/\/wgphoto.pl\/t\/index.php?rest_route=\/wp\/v2\/users\/1"}],"replies":[{"embeddable":true,"href":"https:\/\/wgphoto.pl\/t\/index.php?rest_route=%2Fwp%2Fv2%2Fcomments&post=2801"}],"version-history":[{"count":1,"href":"https:\/\/wgphoto.pl\/t\/index.php?rest_route=\/wp\/v2\/posts\/2801\/revisions"}],"predecessor-version":[{"id":2803,"href":"https:\/\/wgphoto.pl\/t\/index.php?rest_route=\/wp\/v2\/posts\/2801\/revisions\/2803"}],"wp:featuredmedia":[{"embeddable":true,"href":"https:\/\/wgphoto.pl\/t\/index.php?rest_route=\/wp\/v2\/media\/2802"}],"wp:attachment":[{"href":"https:\/\/wgphoto.pl\/t\/index.php?rest_route=%2Fwp%2Fv2%2Fmedia&parent=2801"}],"wp:term":[{"taxonomy":"category","embeddable":true,"href":"https:\/\/wgphoto.pl\/t\/index.php?rest_route=%2Fwp%2Fv2%2Fcategories&post=2801"},{"taxonomy":"post_tag","embeddable":true,"href":"https:\/\/wgphoto.pl\/t\/index.php?rest_route=%2Fwp%2Fv2%2Ftags&post=2801"}],"curies":[{"name":"wp","href":"https:\/\/api.w.org\/{rel}","templated":true}]}}