{"id":282,"date":"2024-09-28T22:18:10","date_gmt":"2024-09-28T20:18:10","guid":{"rendered":"https:\/\/wgphoto.pl\/t\/?p=282"},"modified":"2024-09-29T18:26:08","modified_gmt":"2024-09-29T16:26:08","slug":"jesien-w-parku-szczytnickim","status":"publish","type":"post","link":"https:\/\/wgphoto.pl\/t\/?p=282","title":{"rendered":"Jesie\u0144 w Parku Szczytnickim"},"content":{"rendered":"\n<figure class=\"wp-block-image aligncenter size-full\"><img loading=\"lazy\" decoding=\"async\" width=\"1200\" height=\"795\" src=\"https:\/\/wgphoto.pl\/t\/wp-content\/uploads\/20181102174752_imgp8424.jpg\" alt=\"\" class=\"wp-image-283\" srcset=\"https:\/\/wgphoto.pl\/t\/wp-content\/uploads\/20181102174752_imgp8424.jpg 1200w, https:\/\/wgphoto.pl\/t\/wp-content\/uploads\/20181102174752_imgp8424-300x199.jpg 300w, https:\/\/wgphoto.pl\/t\/wp-content\/uploads\/20181102174752_imgp8424-768x509.jpg 768w\" sizes=\"auto, (max-width: 1200px) 100vw, 1200px\" \/><\/figure>\n\n\n\n<div class=\"wp-block-group has-global-padding is-layout-constrained wp-block-group-is-layout-constrained\">\n<p class=\"has-text-align-left\">Jesie\u0144 w pe\u0142ni w Parku Szczytnickim, we Wroc\u0142awiu oczywi\u015bcie. [30.10.2016]<\/p>\n<\/div>\n","protected":false},"excerpt":{"rendered":"<p>Jesie\u0144 w pe\u0142ni w Parku Szczytnickim, we Wroc\u0142awiu oczywi\u015bcie. [30.10.2016]<\/p>\n","protected":false},"author":1,"featured_media":283,"comment_status":"open","ping_status":"","sticky":false,"template":"","format":"standard","meta":{"footnotes":""},"categories":[125,3],"tags":[43,126,42,27,41,127],"class_list":["post-282","post","type-post","status-publish","format-standard","has-post-thumbnail","hentry","category-rok-2016","category-tramwaj","tag-105nwr","tag-jesien","tag-mpk-wroclaw","tag-polska","tag-wroclaw","tag-wroclawskie-e"],"_links":{"self":[{"href":"https:\/\/wgphoto.pl\/t\/index.php?rest_route=\/wp\/v2\/posts\/282","targetHints":{"allow":["GET"]}}],"collection":[{"href":"https:\/\/wgphoto.pl\/t\/index.php?rest_route=\/wp\/v2\/posts"}],"about":[{"href":"https:\/\/wgphoto.pl\/t\/index.php?rest_route=\/wp\/v2\/types\/post"}],"author":[{"embeddable":true,"href":"https:\/\/wgphoto.pl\/t\/index.php?rest_route=\/wp\/v2\/users\/1"}],"replies":[{"embeddable":true,"href":"https:\/\/wgphoto.pl\/t\/index.php?rest_route=%2Fwp%2Fv2%2Fcomments&post=282"}],"version-history":[{"count":12,"href":"https:\/\/wgphoto.pl\/t\/index.php?rest_route=\/wp\/v2\/posts\/282\/revisions"}],"predecessor-version":[{"id":440,"href":"https:\/\/wgphoto.pl\/t\/index.php?rest_route=\/wp\/v2\/posts\/282\/revisions\/440"}],"wp:featuredmedia":[{"embeddable":true,"href":"https:\/\/wgphoto.pl\/t\/index.php?rest_route=\/wp\/v2\/media\/283"}],"wp:attachment":[{"href":"https:\/\/wgphoto.pl\/t\/index.php?rest_route=%2Fwp%2Fv2%2Fmedia&parent=282"}],"wp:term":[{"taxonomy":"category","embeddable":true,"href":"https:\/\/wgphoto.pl\/t\/index.php?rest_route=%2Fwp%2Fv2%2Fcategories&post=282"},{"taxonomy":"post_tag","embeddable":true,"href":"https:\/\/wgphoto.pl\/t\/index.php?rest_route=%2Fwp%2Fv2%2Ftags&post=282"}],"curies":[{"name":"wp","href":"https:\/\/api.w.org\/{rel}","templated":true}]}}