{"id":2827,"date":"2024-10-17T17:52:39","date_gmt":"2024-10-17T15:52:39","guid":{"rendered":"https:\/\/wgphoto.pl\/t\/?p=2827"},"modified":"2024-10-17T17:52:39","modified_gmt":"2024-10-17T15:52:39","slug":"jeszcze-tu-wroce","status":"publish","type":"post","link":"https:\/\/wgphoto.pl\/t\/?p=2827","title":{"rendered":"Jeszcze tu wr\u00f3c\u0119"},"content":{"rendered":"\n<figure class=\"wp-block-image aligncenter size-full\"><img loading=\"lazy\" decoding=\"async\" width=\"1200\" height=\"800\" src=\"https:\/\/wgphoto.pl\/t\/wp-content\/uploads\/2024\/10\/0330-10.jpg\" alt=\"\" class=\"wp-image-2828\" srcset=\"https:\/\/wgphoto.pl\/t\/wp-content\/uploads\/2024\/10\/0330-10.jpg 1200w, https:\/\/wgphoto.pl\/t\/wp-content\/uploads\/2024\/10\/0330-10-300x200.jpg 300w, https:\/\/wgphoto.pl\/t\/wp-content\/uploads\/2024\/10\/0330-10-768x512.jpg 768w\" sizes=\"auto, (max-width: 1200px) 100vw, 1200px\" \/><\/figure>\n\n\n\n<div class=\"wp-block-group has-global-padding is-layout-constrained wp-block-group-is-layout-constrained\">\n<p>Pabianice, ul. Warszawska, obok p\u0119tli Du\u017cy Skr\u0119t. Zrobi\u0142em tu dwa zdj\u0119cia, oba, jak wida\u0107, z kub\u0142ami. Tutaj dodatkowo dzi\u0119ki czw\u00f3rce pasa\u017cer\u00f3w powsta\u0142o uj\u0119cie niemal\u017ce reporterskie, kt\u00f3re dzisiaj wyj\u0105tkowo mi si\u0119 podoba. 05.08.2003<\/p>\n<\/div>\n","protected":false},"excerpt":{"rendered":"<p>Pabianice, ul. Warszawska, obok p\u0119tli Du\u017cy Skr\u0119t. Zrobi\u0142em tu dwa zdj\u0119cia, oba, jak wida\u0107, z kub\u0142ami. Tutaj dodatkowo dzi\u0119ki czw\u00f3rce pasa\u017cer\u00f3w powsta\u0142o uj\u0119cie niemal\u017ce reporterskie, kt\u00f3re dzisiaj wyj\u0105tkowo mi si\u0119 podoba. 05.08.2003<\/p>\n","protected":false},"author":1,"featured_media":2828,"comment_status":"open","ping_status":"","sticky":false,"template":"","format":"standard","meta":{"footnotes":""},"categories":[62,149,3],"tags":[1419,770,771,151,1417,1418,27,561],"class_list":["post-2827","post","type-post","status-publish","format-standard","has-post-thumbnail","hentry","category-analog","category-rok-2003","category-tramwaj","tag-2003-08-05","tag-konstal-803n","tag-lodz-linie-podmiejskie","tag-ludzie","tag-mkt-lodz","tag-pabianice","tag-polska","tag-tramwaj-podmiejski"],"_links":{"self":[{"href":"https:\/\/wgphoto.pl\/t\/index.php?rest_route=\/wp\/v2\/posts\/2827","targetHints":{"allow":["GET"]}}],"collection":[{"href":"https:\/\/wgphoto.pl\/t\/index.php?rest_route=\/wp\/v2\/posts"}],"about":[{"href":"https:\/\/wgphoto.pl\/t\/index.php?rest_route=\/wp\/v2\/types\/post"}],"author":[{"embeddable":true,"href":"https:\/\/wgphoto.pl\/t\/index.php?rest_route=\/wp\/v2\/users\/1"}],"replies":[{"embeddable":true,"href":"https:\/\/wgphoto.pl\/t\/index.php?rest_route=%2Fwp%2Fv2%2Fcomments&post=2827"}],"version-history":[{"count":1,"href":"https:\/\/wgphoto.pl\/t\/index.php?rest_route=\/wp\/v2\/posts\/2827\/revisions"}],"predecessor-version":[{"id":2829,"href":"https:\/\/wgphoto.pl\/t\/index.php?rest_route=\/wp\/v2\/posts\/2827\/revisions\/2829"}],"wp:featuredmedia":[{"embeddable":true,"href":"https:\/\/wgphoto.pl\/t\/index.php?rest_route=\/wp\/v2\/media\/2828"}],"wp:attachment":[{"href":"https:\/\/wgphoto.pl\/t\/index.php?rest_route=%2Fwp%2Fv2%2Fmedia&parent=2827"}],"wp:term":[{"taxonomy":"category","embeddable":true,"href":"https:\/\/wgphoto.pl\/t\/index.php?rest_route=%2Fwp%2Fv2%2Fcategories&post=2827"},{"taxonomy":"post_tag","embeddable":true,"href":"https:\/\/wgphoto.pl\/t\/index.php?rest_route=%2Fwp%2Fv2%2Ftags&post=2827"}],"curies":[{"name":"wp","href":"https:\/\/api.w.org\/{rel}","templated":true}]}}