{"id":2830,"date":"2024-10-17T17:53:53","date_gmt":"2024-10-17T15:53:53","guid":{"rendered":"https:\/\/wgphoto.pl\/t\/?p=2830"},"modified":"2024-10-17T17:53:53","modified_gmt":"2024-10-17T15:53:53","slug":"su46-034-jaworzyna-slaska","status":"publish","type":"post","link":"https:\/\/wgphoto.pl\/t\/?p=2830","title":{"rendered":"SU46-034, Jaworzyna \u015al\u0105ska"},"content":{"rendered":"\n<figure class=\"wp-block-image aligncenter size-full\"><img loading=\"lazy\" decoding=\"async\" width=\"1200\" height=\"800\" src=\"https:\/\/wgphoto.pl\/t\/wp-content\/uploads\/2024\/10\/2000n-01a.jpg\" alt=\"\" class=\"wp-image-2831\" srcset=\"https:\/\/wgphoto.pl\/t\/wp-content\/uploads\/2024\/10\/2000n-01a.jpg 1200w, https:\/\/wgphoto.pl\/t\/wp-content\/uploads\/2024\/10\/2000n-01a-300x200.jpg 300w, https:\/\/wgphoto.pl\/t\/wp-content\/uploads\/2024\/10\/2000n-01a-768x512.jpg 768w\" sizes=\"auto, (max-width: 1200px) 100vw, 1200px\" \/><\/figure>\n\n\n\n<div class=\"wp-block-group has-global-padding is-layout-constrained wp-block-group-is-layout-constrained\">\n<p>SU46-034 przyby\u0142a luzem z Kamie\u0144ca Z\u0105bk., aby przej\u0105\u0107 obs\u0142ug\u0119 &#8222;\u015anie\u017cki&#8221; z Jeleniej G\u00f3ry do Krakowa. To by\u0142a jedna z dw\u00f3ch kamienieckich maszyn serii SU46 posiadaj\u0105cych w\u00f3wczas takie malowanie. 16.12.2000<\/p>\n<\/div>\n","protected":false},"excerpt":{"rendered":"<p>SU46-034 przyby\u0142a luzem z Kamie\u0144ca Z\u0105bk., aby przej\u0105\u0107 obs\u0142ug\u0119 &#8222;\u015anie\u017cki&#8221; z Jeleniej G\u00f3ry do Krakowa. To by\u0142a jedna z dw\u00f3ch kamienieckich maszyn serii SU46 posiadaj\u0105cych w\u00f3wczas takie malowanie. 16.12.2000<\/p>\n","protected":false},"author":1,"featured_media":2831,"comment_status":"open","ping_status":"","sticky":false,"template":"","format":"standard","meta":{"footnotes":""},"categories":[62,2,1099],"tags":[1100,366,173,24,63,27,84],"class_list":["post-2830","post","type-post","status-publish","format-standard","has-post-thumbnail","hentry","category-analog","category-kolej","category-rok-2000","tag-2000-12-16","tag-jaworzyna-slaska","tag-koncowki","tag-perony","tag-pkp","tag-polska","tag-su46"],"_links":{"self":[{"href":"https:\/\/wgphoto.pl\/t\/index.php?rest_route=\/wp\/v2\/posts\/2830","targetHints":{"allow":["GET"]}}],"collection":[{"href":"https:\/\/wgphoto.pl\/t\/index.php?rest_route=\/wp\/v2\/posts"}],"about":[{"href":"https:\/\/wgphoto.pl\/t\/index.php?rest_route=\/wp\/v2\/types\/post"}],"author":[{"embeddable":true,"href":"https:\/\/wgphoto.pl\/t\/index.php?rest_route=\/wp\/v2\/users\/1"}],"replies":[{"embeddable":true,"href":"https:\/\/wgphoto.pl\/t\/index.php?rest_route=%2Fwp%2Fv2%2Fcomments&post=2830"}],"version-history":[{"count":1,"href":"https:\/\/wgphoto.pl\/t\/index.php?rest_route=\/wp\/v2\/posts\/2830\/revisions"}],"predecessor-version":[{"id":2832,"href":"https:\/\/wgphoto.pl\/t\/index.php?rest_route=\/wp\/v2\/posts\/2830\/revisions\/2832"}],"wp:featuredmedia":[{"embeddable":true,"href":"https:\/\/wgphoto.pl\/t\/index.php?rest_route=\/wp\/v2\/media\/2831"}],"wp:attachment":[{"href":"https:\/\/wgphoto.pl\/t\/index.php?rest_route=%2Fwp%2Fv2%2Fmedia&parent=2830"}],"wp:term":[{"taxonomy":"category","embeddable":true,"href":"https:\/\/wgphoto.pl\/t\/index.php?rest_route=%2Fwp%2Fv2%2Fcategories&post=2830"},{"taxonomy":"post_tag","embeddable":true,"href":"https:\/\/wgphoto.pl\/t\/index.php?rest_route=%2Fwp%2Fv2%2Ftags&post=2830"}],"curies":[{"name":"wp","href":"https:\/\/api.w.org\/{rel}","templated":true}]}}