{"id":2842,"date":"2024-10-17T17:57:58","date_gmt":"2024-10-17T15:57:58","guid":{"rendered":"https:\/\/wgphoto.pl\/t\/?p=2842"},"modified":"2024-10-17T17:57:58","modified_gmt":"2024-10-17T15:57:58","slug":"poranne-puszczanie-dymka","status":"publish","type":"post","link":"https:\/\/wgphoto.pl\/t\/?p=2842","title":{"rendered":"Poranne puszczanie dymka"},"content":{"rendered":"\n<figure class=\"wp-block-image aligncenter size-full\"><img loading=\"lazy\" decoding=\"async\" width=\"1200\" height=\"800\" src=\"https:\/\/wgphoto.pl\/t\/wp-content\/uploads\/2024\/10\/IMGP7157.jpg\" alt=\"\" class=\"wp-image-2843\" srcset=\"https:\/\/wgphoto.pl\/t\/wp-content\/uploads\/2024\/10\/IMGP7157.jpg 1200w, https:\/\/wgphoto.pl\/t\/wp-content\/uploads\/2024\/10\/IMGP7157-300x200.jpg 300w, https:\/\/wgphoto.pl\/t\/wp-content\/uploads\/2024\/10\/IMGP7157-768x512.jpg 768w\" sizes=\"auto, (max-width: 1200px) 100vw, 1200px\" \/><\/figure>\n\n\n\n<div class=\"wp-block-group has-global-padding is-layout-constrained wp-block-group-is-layout-constrained\">\n<p>Bazylea, Dreirosenbr\u00fccke. Szwajcaria to nie tylko g\u00f3rskie szczyty, ale te\u017c dymi\u0105ce kominy. A linia 21 jest szczyt\u00f3wk\u0105 \u0142\u0105cz\u0105c\u0105 dworce kolejowe St. Johann i Bad, st\u0105d te\u017c zapewne zapl\u0105ta\u0142 si\u0119 tu wysokopod\u0142ogowy tramwaj. 22.03.2018<\/p>\n<\/div>\n","protected":false},"excerpt":{"rendered":"<p>Bazylea, Dreirosenbr\u00fccke. Szwajcaria to nie tylko g\u00f3rskie szczyty, ale te\u017c dymi\u0105ce kominy. A linia 21 jest szczyt\u00f3wk\u0105 \u0142\u0105cz\u0105c\u0105 dworce kolejowe St. Johann i Bad, st\u0105d te\u017c zapewne zapl\u0105ta\u0142 si\u0119 tu wysokopod\u0142ogowy tramwaj. 22.03.2018<\/p>\n","protected":false},"author":1,"featured_media":2843,"comment_status":"open","ping_status":"","sticky":false,"template":"","format":"standard","meta":{"footnotes":""},"categories":[156,3],"tags":[382,378,379,303,1423,183,186],"class_list":["post-2842","post","type-post","status-publish","format-standard","has-post-thumbnail","hentry","category-rok-2018","category-tramwaj","tag-2018-03-22","tag-bazylea","tag-bvb-basel","tag-industrial","tag-schindler-be","tag-suissetrip-2018","tag-szwajcaria"],"_links":{"self":[{"href":"https:\/\/wgphoto.pl\/t\/index.php?rest_route=\/wp\/v2\/posts\/2842","targetHints":{"allow":["GET"]}}],"collection":[{"href":"https:\/\/wgphoto.pl\/t\/index.php?rest_route=\/wp\/v2\/posts"}],"about":[{"href":"https:\/\/wgphoto.pl\/t\/index.php?rest_route=\/wp\/v2\/types\/post"}],"author":[{"embeddable":true,"href":"https:\/\/wgphoto.pl\/t\/index.php?rest_route=\/wp\/v2\/users\/1"}],"replies":[{"embeddable":true,"href":"https:\/\/wgphoto.pl\/t\/index.php?rest_route=%2Fwp%2Fv2%2Fcomments&post=2842"}],"version-history":[{"count":1,"href":"https:\/\/wgphoto.pl\/t\/index.php?rest_route=\/wp\/v2\/posts\/2842\/revisions"}],"predecessor-version":[{"id":2844,"href":"https:\/\/wgphoto.pl\/t\/index.php?rest_route=\/wp\/v2\/posts\/2842\/revisions\/2844"}],"wp:featuredmedia":[{"embeddable":true,"href":"https:\/\/wgphoto.pl\/t\/index.php?rest_route=\/wp\/v2\/media\/2843"}],"wp:attachment":[{"href":"https:\/\/wgphoto.pl\/t\/index.php?rest_route=%2Fwp%2Fv2%2Fmedia&parent=2842"}],"wp:term":[{"taxonomy":"category","embeddable":true,"href":"https:\/\/wgphoto.pl\/t\/index.php?rest_route=%2Fwp%2Fv2%2Fcategories&post=2842"},{"taxonomy":"post_tag","embeddable":true,"href":"https:\/\/wgphoto.pl\/t\/index.php?rest_route=%2Fwp%2Fv2%2Ftags&post=2842"}],"curies":[{"name":"wp","href":"https:\/\/api.w.org\/{rel}","templated":true}]}}