{"id":2848,"date":"2024-10-17T18:00:10","date_gmt":"2024-10-17T16:00:10","guid":{"rendered":"https:\/\/wgphoto.pl\/t\/?p=2848"},"modified":"2024-10-17T18:00:10","modified_gmt":"2024-10-17T16:00:10","slug":"kwk-krupinski","status":"publish","type":"post","link":"https:\/\/wgphoto.pl\/t\/?p=2848","title":{"rendered":"KWK Krupi\u0144ski"},"content":{"rendered":"\n<figure class=\"wp-block-image aligncenter size-full\"><img loading=\"lazy\" decoding=\"async\" width=\"1300\" height=\"731\" src=\"https:\/\/wgphoto.pl\/t\/wp-content\/uploads\/2024\/10\/0803-35.jpg\" alt=\"\" class=\"wp-image-2849\" srcset=\"https:\/\/wgphoto.pl\/t\/wp-content\/uploads\/2024\/10\/0803-35.jpg 1300w, https:\/\/wgphoto.pl\/t\/wp-content\/uploads\/2024\/10\/0803-35-300x169.jpg 300w, https:\/\/wgphoto.pl\/t\/wp-content\/uploads\/2024\/10\/0803-35-768x432.jpg 768w\" sizes=\"auto, (max-width: 1300px) 100vw, 1300px\" \/><\/figure>\n\n\n\n<div class=\"wp-block-group has-global-padding is-layout-constrained wp-block-group-is-layout-constrained\">\n<p>Suszec Kopalnia &#8211; Suszec Rudziczka. EU07-209 prowadzi poci\u0105g 88221 relacji Bielsko-Bia\u0142a G\u0142\u00f3wna &#8211; Racib\u00f3rz, mijaj\u0105c tytu\u0142ow\u0105 kopalni\u0119 &#8222;wyprodukowan\u0105&#8221; przez ni\u0105 oraz ha\u0142d\u0119. 08.03.2008<\/p>\n<\/div>\n","protected":false},"excerpt":{"rendered":"<p>Suszec Kopalnia &#8211; Suszec Rudziczka. EU07-209 prowadzi poci\u0105g 88221 relacji Bielsko-Bia\u0142a G\u0142\u00f3wna &#8211; Racib\u00f3rz, mijaj\u0105c tytu\u0142ow\u0105 kopalni\u0119 &#8222;wyprodukowan\u0105&#8221; przez ni\u0105 oraz ha\u0142d\u0119. 08.03.2008<\/p>\n","protected":false},"author":1,"featured_media":2849,"comment_status":"open","ping_status":"","sticky":false,"template":"","format":"standard","meta":{"footnotes":""},"categories":[62,2,120],"tags":[1426,283,122,303,63,27,1428,1427],"class_list":["post-2848","post","type-post","status-publish","format-standard","has-post-thumbnail","hentry","category-analog","category-kolej","category-rok-2008","tag-2008-03-08","tag-bdhpmnu","tag-eu07","tag-industrial","tag-pkp","tag-polska","tag-suszec-kopalnia","tag-suszec-rudziczka"],"_links":{"self":[{"href":"https:\/\/wgphoto.pl\/t\/index.php?rest_route=\/wp\/v2\/posts\/2848","targetHints":{"allow":["GET"]}}],"collection":[{"href":"https:\/\/wgphoto.pl\/t\/index.php?rest_route=\/wp\/v2\/posts"}],"about":[{"href":"https:\/\/wgphoto.pl\/t\/index.php?rest_route=\/wp\/v2\/types\/post"}],"author":[{"embeddable":true,"href":"https:\/\/wgphoto.pl\/t\/index.php?rest_route=\/wp\/v2\/users\/1"}],"replies":[{"embeddable":true,"href":"https:\/\/wgphoto.pl\/t\/index.php?rest_route=%2Fwp%2Fv2%2Fcomments&post=2848"}],"version-history":[{"count":1,"href":"https:\/\/wgphoto.pl\/t\/index.php?rest_route=\/wp\/v2\/posts\/2848\/revisions"}],"predecessor-version":[{"id":2850,"href":"https:\/\/wgphoto.pl\/t\/index.php?rest_route=\/wp\/v2\/posts\/2848\/revisions\/2850"}],"wp:featuredmedia":[{"embeddable":true,"href":"https:\/\/wgphoto.pl\/t\/index.php?rest_route=\/wp\/v2\/media\/2849"}],"wp:attachment":[{"href":"https:\/\/wgphoto.pl\/t\/index.php?rest_route=%2Fwp%2Fv2%2Fmedia&parent=2848"}],"wp:term":[{"taxonomy":"category","embeddable":true,"href":"https:\/\/wgphoto.pl\/t\/index.php?rest_route=%2Fwp%2Fv2%2Fcategories&post=2848"},{"taxonomy":"post_tag","embeddable":true,"href":"https:\/\/wgphoto.pl\/t\/index.php?rest_route=%2Fwp%2Fv2%2Ftags&post=2848"}],"curies":[{"name":"wp","href":"https:\/\/api.w.org\/{rel}","templated":true}]}}