{"id":2863,"date":"2024-10-17T18:06:44","date_gmt":"2024-10-17T16:06:44","guid":{"rendered":"https:\/\/wgphoto.pl\/t\/?p=2863"},"modified":"2024-10-17T18:06:44","modified_gmt":"2024-10-17T16:06:44","slug":"et21-651","status":"publish","type":"post","link":"https:\/\/wgphoto.pl\/t\/?p=2863","title":{"rendered":"ET21-651"},"content":{"rendered":"\n<figure class=\"wp-block-image aligncenter size-full\"><img loading=\"lazy\" decoding=\"async\" width=\"1050\" height=\"700\" src=\"https:\/\/wgphoto.pl\/t\/wp-content\/uploads\/2024\/10\/2001o1-18a.jpg\" alt=\"\" class=\"wp-image-2864\" srcset=\"https:\/\/wgphoto.pl\/t\/wp-content\/uploads\/2024\/10\/2001o1-18a.jpg 1050w, https:\/\/wgphoto.pl\/t\/wp-content\/uploads\/2024\/10\/2001o1-18a-300x200.jpg 300w, https:\/\/wgphoto.pl\/t\/wp-content\/uploads\/2024\/10\/2001o1-18a-768x512.jpg 768w\" sizes=\"auto, (max-width: 1050px) 100vw, 1050px\" \/><\/figure>\n\n\n\n<div class=\"wp-block-group has-global-padding is-layout-constrained wp-block-group-is-layout-constrained\">\n<p>Poci\u0105g pospieszny z Pragi przez Mierosz\u00f3w (nr 251\/66004) sko\u0144czy\u0142 bieg we Wroc\u0142awiu G\u0142\u00f3wnym. 11.07.2001<\/p>\n<\/div>\n","protected":false},"excerpt":{"rendered":"<p>Poci\u0105g pospieszny z Pragi przez Mierosz\u00f3w (nr 251\/66004) sko\u0144czy\u0142 bieg we Wroc\u0142awiu G\u0142\u00f3wnym. 11.07.2001<\/p>\n","protected":false},"author":1,"featured_media":2864,"comment_status":"open","ping_status":"","sticky":false,"template":"","format":"standard","meta":{"footnotes":""},"categories":[62,2,940],"tags":[1432,198,179,63,27,41,180],"class_list":["post-2863","post","type-post","status-publish","format-standard","has-post-thumbnail","hentry","category-analog","category-kolej","category-rok-2001","tag-2001-07-11","tag-et21","tag-hala-peronowa","tag-pkp","tag-polska","tag-wroclaw","tag-wroclaw-glowny"],"_links":{"self":[{"href":"https:\/\/wgphoto.pl\/t\/index.php?rest_route=\/wp\/v2\/posts\/2863","targetHints":{"allow":["GET"]}}],"collection":[{"href":"https:\/\/wgphoto.pl\/t\/index.php?rest_route=\/wp\/v2\/posts"}],"about":[{"href":"https:\/\/wgphoto.pl\/t\/index.php?rest_route=\/wp\/v2\/types\/post"}],"author":[{"embeddable":true,"href":"https:\/\/wgphoto.pl\/t\/index.php?rest_route=\/wp\/v2\/users\/1"}],"replies":[{"embeddable":true,"href":"https:\/\/wgphoto.pl\/t\/index.php?rest_route=%2Fwp%2Fv2%2Fcomments&post=2863"}],"version-history":[{"count":1,"href":"https:\/\/wgphoto.pl\/t\/index.php?rest_route=\/wp\/v2\/posts\/2863\/revisions"}],"predecessor-version":[{"id":2865,"href":"https:\/\/wgphoto.pl\/t\/index.php?rest_route=\/wp\/v2\/posts\/2863\/revisions\/2865"}],"wp:featuredmedia":[{"embeddable":true,"href":"https:\/\/wgphoto.pl\/t\/index.php?rest_route=\/wp\/v2\/media\/2864"}],"wp:attachment":[{"href":"https:\/\/wgphoto.pl\/t\/index.php?rest_route=%2Fwp%2Fv2%2Fmedia&parent=2863"}],"wp:term":[{"taxonomy":"category","embeddable":true,"href":"https:\/\/wgphoto.pl\/t\/index.php?rest_route=%2Fwp%2Fv2%2Fcategories&post=2863"},{"taxonomy":"post_tag","embeddable":true,"href":"https:\/\/wgphoto.pl\/t\/index.php?rest_route=%2Fwp%2Fv2%2Ftags&post=2863"}],"curies":[{"name":"wp","href":"https:\/\/api.w.org\/{rel}","templated":true}]}}