{"id":2866,"date":"2024-10-17T18:07:42","date_gmt":"2024-10-17T16:07:42","guid":{"rendered":"https:\/\/wgphoto.pl\/t\/?p=2866"},"modified":"2024-10-17T18:07:42","modified_gmt":"2024-10-17T16:07:42","slug":"4-bonanzy","status":"publish","type":"post","link":"https:\/\/wgphoto.pl\/t\/?p=2866","title":{"rendered":"4 bonanzy"},"content":{"rendered":"\n<figure class=\"wp-block-image aligncenter size-full\"><img loading=\"lazy\" decoding=\"async\" width=\"1200\" height=\"800\" src=\"https:\/\/wgphoto.pl\/t\/wp-content\/uploads\/2024\/10\/0620-11.jpg\" alt=\"\" class=\"wp-image-2867\" srcset=\"https:\/\/wgphoto.pl\/t\/wp-content\/uploads\/2024\/10\/0620-11.jpg 1200w, https:\/\/wgphoto.pl\/t\/wp-content\/uploads\/2024\/10\/0620-11-300x200.jpg 300w, https:\/\/wgphoto.pl\/t\/wp-content\/uploads\/2024\/10\/0620-11-768x512.jpg 768w\" sizes=\"auto, (max-width: 1200px) 100vw, 1200px\" \/><\/figure>\n\n\n\n<div class=\"wp-block-group has-global-padding is-layout-constrained wp-block-group-is-layout-constrained\">\n<p>ET22-436 z poci\u0105giem osobowym 216 z Jeleniej G\u00f3ry do Wroc\u0142awia niedawno odjecha\u0142 ze stacji S\u0119dzis\u0142aw. W tle rozci\u0105ga si\u0119 pasmo Karkonoszy z g\u00f3ruj\u0105c\u0105 \u015anie\u017ck\u0105. 19.08.2006<\/p>\n<\/div>\n","protected":false},"excerpt":{"rendered":"<p>ET22-436 z poci\u0105giem osobowym 216 z Jeleniej G\u00f3ry do Wroc\u0142awia niedawno odjecha\u0142 ze stacji S\u0119dzis\u0142aw. W tle rozci\u0105ga si\u0119 pasmo Karkonoszy z g\u00f3ruj\u0105c\u0105 \u015anie\u017ck\u0105. 19.08.2006<\/p>\n","protected":false},"author":1,"featured_media":2867,"comment_status":"open","ping_status":"","sticky":false,"template":"","format":"standard","meta":{"footnotes":""},"categories":[62,2,130],"tags":[1434,26,114,113,63,27,1061,200,1433],"class_list":["post-2866","post","type-post","status-publish","format-standard","has-post-thumbnail","hentry","category-analog","category-kolej","category-rok-2006","tag-2006-08-19","tag-et22","tag-gory","tag-landszaft","tag-pkp","tag-polska","tag-sedzislaw","tag-tab-pl240","tag-witkow-slaski"],"_links":{"self":[{"href":"https:\/\/wgphoto.pl\/t\/index.php?rest_route=\/wp\/v2\/posts\/2866","targetHints":{"allow":["GET"]}}],"collection":[{"href":"https:\/\/wgphoto.pl\/t\/index.php?rest_route=\/wp\/v2\/posts"}],"about":[{"href":"https:\/\/wgphoto.pl\/t\/index.php?rest_route=\/wp\/v2\/types\/post"}],"author":[{"embeddable":true,"href":"https:\/\/wgphoto.pl\/t\/index.php?rest_route=\/wp\/v2\/users\/1"}],"replies":[{"embeddable":true,"href":"https:\/\/wgphoto.pl\/t\/index.php?rest_route=%2Fwp%2Fv2%2Fcomments&post=2866"}],"version-history":[{"count":1,"href":"https:\/\/wgphoto.pl\/t\/index.php?rest_route=\/wp\/v2\/posts\/2866\/revisions"}],"predecessor-version":[{"id":2868,"href":"https:\/\/wgphoto.pl\/t\/index.php?rest_route=\/wp\/v2\/posts\/2866\/revisions\/2868"}],"wp:featuredmedia":[{"embeddable":true,"href":"https:\/\/wgphoto.pl\/t\/index.php?rest_route=\/wp\/v2\/media\/2867"}],"wp:attachment":[{"href":"https:\/\/wgphoto.pl\/t\/index.php?rest_route=%2Fwp%2Fv2%2Fmedia&parent=2866"}],"wp:term":[{"taxonomy":"category","embeddable":true,"href":"https:\/\/wgphoto.pl\/t\/index.php?rest_route=%2Fwp%2Fv2%2Fcategories&post=2866"},{"taxonomy":"post_tag","embeddable":true,"href":"https:\/\/wgphoto.pl\/t\/index.php?rest_route=%2Fwp%2Fv2%2Ftags&post=2866"}],"curies":[{"name":"wp","href":"https:\/\/api.w.org\/{rel}","templated":true}]}}