{"id":2872,"date":"2024-10-17T18:09:44","date_gmt":"2024-10-17T16:09:44","guid":{"rendered":"https:\/\/wgphoto.pl\/t\/?p=2872"},"modified":"2024-10-17T18:09:44","modified_gmt":"2024-10-17T16:09:44","slug":"atak-zimy-w-lubawce","status":"publish","type":"post","link":"https:\/\/wgphoto.pl\/t\/?p=2872","title":{"rendered":"Atak zimy w Lubawce"},"content":{"rendered":"\n<figure class=\"wp-block-image aligncenter size-full\"><img loading=\"lazy\" decoding=\"async\" width=\"1200\" height=\"800\" src=\"https:\/\/wgphoto.pl\/t\/wp-content\/uploads\/2024\/10\/2001e-06a.jpg\" alt=\"\" class=\"wp-image-2873\" srcset=\"https:\/\/wgphoto.pl\/t\/wp-content\/uploads\/2024\/10\/2001e-06a.jpg 1200w, https:\/\/wgphoto.pl\/t\/wp-content\/uploads\/2024\/10\/2001e-06a-300x200.jpg 300w, https:\/\/wgphoto.pl\/t\/wp-content\/uploads\/2024\/10\/2001e-06a-768x512.jpg 768w\" sizes=\"auto, (max-width: 1200px) 100vw, 1200px\" \/><\/figure>\n\n\n\n<div class=\"wp-block-group has-global-padding is-layout-constrained wp-block-group-is-layout-constrained\">\n<p>SP42-051 z poci\u0105giem osobowym z Marciszowa sko\u0144czy\u0142a bieg w Lubawce. W tle ustawia si\u0119 ju\u017c kolejka na kurs powrotny. 23.02.2001<\/p>\n<\/div>\n","protected":false},"excerpt":{"rendered":"<p>SP42-051 z poci\u0105giem osobowym z Marciszowa sko\u0144czy\u0142a bieg w Lubawce. W tle ustawia si\u0119 ju\u017c kolejka na kurs powrotny. 23.02.2001<\/p>\n","protected":false},"author":1,"featured_media":2873,"comment_status":"open","ping_status":"","sticky":false,"template":"","format":"standard","meta":{"footnotes":""},"categories":[62,2,940],"tags":[1436,1435,24,63,27,316,627,1437],"class_list":["post-2872","post","type-post","status-publish","format-standard","has-post-thumbnail","hentry","category-analog","category-kolej","category-rok-2001","tag-2001-02-23","tag-lubawka","tag-perony","tag-pkp","tag-polska","tag-sp42","tag-tab-pl247","tag-zima"],"_links":{"self":[{"href":"https:\/\/wgphoto.pl\/t\/index.php?rest_route=\/wp\/v2\/posts\/2872","targetHints":{"allow":["GET"]}}],"collection":[{"href":"https:\/\/wgphoto.pl\/t\/index.php?rest_route=\/wp\/v2\/posts"}],"about":[{"href":"https:\/\/wgphoto.pl\/t\/index.php?rest_route=\/wp\/v2\/types\/post"}],"author":[{"embeddable":true,"href":"https:\/\/wgphoto.pl\/t\/index.php?rest_route=\/wp\/v2\/users\/1"}],"replies":[{"embeddable":true,"href":"https:\/\/wgphoto.pl\/t\/index.php?rest_route=%2Fwp%2Fv2%2Fcomments&post=2872"}],"version-history":[{"count":1,"href":"https:\/\/wgphoto.pl\/t\/index.php?rest_route=\/wp\/v2\/posts\/2872\/revisions"}],"predecessor-version":[{"id":2874,"href":"https:\/\/wgphoto.pl\/t\/index.php?rest_route=\/wp\/v2\/posts\/2872\/revisions\/2874"}],"wp:featuredmedia":[{"embeddable":true,"href":"https:\/\/wgphoto.pl\/t\/index.php?rest_route=\/wp\/v2\/media\/2873"}],"wp:attachment":[{"href":"https:\/\/wgphoto.pl\/t\/index.php?rest_route=%2Fwp%2Fv2%2Fmedia&parent=2872"}],"wp:term":[{"taxonomy":"category","embeddable":true,"href":"https:\/\/wgphoto.pl\/t\/index.php?rest_route=%2Fwp%2Fv2%2Fcategories&post=2872"},{"taxonomy":"post_tag","embeddable":true,"href":"https:\/\/wgphoto.pl\/t\/index.php?rest_route=%2Fwp%2Fv2%2Ftags&post=2872"}],"curies":[{"name":"wp","href":"https:\/\/api.w.org\/{rel}","templated":true}]}}