{"id":2972,"date":"2024-10-18T00:07:13","date_gmt":"2024-10-17T22:07:13","guid":{"rendered":"https:\/\/wgphoto.pl\/t\/?p=2972"},"modified":"2024-10-18T00:07:13","modified_gmt":"2024-10-17T22:07:13","slug":"sp42-208-zabkowice-slaskie","status":"publish","type":"post","link":"https:\/\/wgphoto.pl\/t\/?p=2972","title":{"rendered":"SP42-208, Z\u0105bkowice \u015al\u0105skie"},"content":{"rendered":"\n<figure class=\"wp-block-image aligncenter size-full\"><img loading=\"lazy\" decoding=\"async\" width=\"1200\" height=\"800\" src=\"https:\/\/wgphoto.pl\/t\/wp-content\/uploads\/2024\/10\/0428-16.jpg\" alt=\"\" class=\"wp-image-2973\" srcset=\"https:\/\/wgphoto.pl\/t\/wp-content\/uploads\/2024\/10\/0428-16.jpg 1200w, https:\/\/wgphoto.pl\/t\/wp-content\/uploads\/2024\/10\/0428-16-300x200.jpg 300w, https:\/\/wgphoto.pl\/t\/wp-content\/uploads\/2024\/10\/0428-16-768x512.jpg 768w\" sizes=\"auto, (max-width: 1200px) 100vw, 1200px\" \/><\/figure>\n\n\n\n<div class=\"wp-block-group has-global-padding is-layout-constrained wp-block-group-is-layout-constrained\">\n<p>Poranny poci\u0105g osobowy 44020 z Jaworzyny \u015al\u0105skiej do Kamie\u0144ca Z\u0105bkowickiego wje\u017cd\u017ca na tytu\u0142ow\u0105 stacj\u0119. 23.10.2004<\/p>\n<\/div>\n","protected":false},"excerpt":{"rendered":"<p>Poranny poci\u0105g osobowy 44020 z Jaworzyny \u015al\u0105skiej do Kamie\u0144ca Z\u0105bkowickiego wje\u017cd\u017ca na tytu\u0142ow\u0105 stacj\u0119. 23.10.2004<\/p>\n","protected":false},"author":1,"featured_media":2973,"comment_status":"open","ping_status":"","sticky":false,"template":"","format":"standard","meta":{"footnotes":""},"categories":[62,2,61],"tags":[465,126,63,27,176,316,319,1442],"class_list":["post-2972","post","type-post","status-publish","format-standard","has-post-thumbnail","hentry","category-analog","category-kolej","category-rok-2004","tag-2004-10-23","tag-jesien","tag-pkp","tag-polska","tag-rano","tag-sp42","tag-tab-pl235","tag-zabkowice-slaskie"],"_links":{"self":[{"href":"https:\/\/wgphoto.pl\/t\/index.php?rest_route=\/wp\/v2\/posts\/2972","targetHints":{"allow":["GET"]}}],"collection":[{"href":"https:\/\/wgphoto.pl\/t\/index.php?rest_route=\/wp\/v2\/posts"}],"about":[{"href":"https:\/\/wgphoto.pl\/t\/index.php?rest_route=\/wp\/v2\/types\/post"}],"author":[{"embeddable":true,"href":"https:\/\/wgphoto.pl\/t\/index.php?rest_route=\/wp\/v2\/users\/1"}],"replies":[{"embeddable":true,"href":"https:\/\/wgphoto.pl\/t\/index.php?rest_route=%2Fwp%2Fv2%2Fcomments&post=2972"}],"version-history":[{"count":1,"href":"https:\/\/wgphoto.pl\/t\/index.php?rest_route=\/wp\/v2\/posts\/2972\/revisions"}],"predecessor-version":[{"id":2974,"href":"https:\/\/wgphoto.pl\/t\/index.php?rest_route=\/wp\/v2\/posts\/2972\/revisions\/2974"}],"wp:featuredmedia":[{"embeddable":true,"href":"https:\/\/wgphoto.pl\/t\/index.php?rest_route=\/wp\/v2\/media\/2973"}],"wp:attachment":[{"href":"https:\/\/wgphoto.pl\/t\/index.php?rest_route=%2Fwp%2Fv2%2Fmedia&parent=2972"}],"wp:term":[{"taxonomy":"category","embeddable":true,"href":"https:\/\/wgphoto.pl\/t\/index.php?rest_route=%2Fwp%2Fv2%2Fcategories&post=2972"},{"taxonomy":"post_tag","embeddable":true,"href":"https:\/\/wgphoto.pl\/t\/index.php?rest_route=%2Fwp%2Fv2%2Ftags&post=2972"}],"curies":[{"name":"wp","href":"https:\/\/api.w.org\/{rel}","templated":true}]}}