{"id":2996,"date":"2024-10-18T17:43:48","date_gmt":"2024-10-18T15:43:48","guid":{"rendered":"https:\/\/wgphoto.pl\/t\/?p=2996"},"modified":"2024-10-18T17:43:48","modified_gmt":"2024-10-18T15:43:48","slug":"halle-w-sofii","status":"publish","type":"post","link":"https:\/\/wgphoto.pl\/t\/?p=2996","title":{"rendered":"Halle w Sofii"},"content":{"rendered":"\n<figure class=\"wp-block-image aligncenter size-full\"><img loading=\"lazy\" decoding=\"async\" width=\"1200\" height=\"795\" src=\"https:\/\/wgphoto.pl\/t\/wp-content\/uploads\/2024\/10\/IMGP5228.jpg\" alt=\"\" class=\"wp-image-2997\" srcset=\"https:\/\/wgphoto.pl\/t\/wp-content\/uploads\/2024\/10\/IMGP5228.jpg 1200w, https:\/\/wgphoto.pl\/t\/wp-content\/uploads\/2024\/10\/IMGP5228-300x199.jpg 300w, https:\/\/wgphoto.pl\/t\/wp-content\/uploads\/2024\/10\/IMGP5228-768x509.jpg 768w\" sizes=\"auto, (max-width: 1200px) 100vw, 1200px\" \/><\/figure>\n\n\n\n<div class=\"wp-block-group has-global-padding is-layout-constrained wp-block-group-is-layout-constrained\">\n<p>Sofia, bul. Nikola Muszanow. Sk\u0142ad Tatr T4D+B4D, wygl\u0105daj\u0105cych jakby dopiero co przyjecha\u0142y z Halle (z dok\u0142adno\u015bci\u0105 do numeru taborowego), zatrzymuje si\u0119 na przystanku wyposa\u017conym w elektroniczn\u0105 tablic\u0119 odjazd\u00f3w. Takie gad\u017cety jednak znacz\u0105co u\u0142atwiaj\u0105 podr\u00f3\u017cowanie. 09.11.2017<\/p>\n<\/div>\n","protected":false},"excerpt":{"rendered":"<p>Sofia, bul. Nikola Muszanow. Sk\u0142ad Tatr T4D+B4D, wygl\u0105daj\u0105cych jakby dopiero co przyjecha\u0142y z Halle (z dok\u0142adno\u015bci\u0105 do numeru taborowego), zatrzymuje si\u0119 na przystanku wyposa\u017conym w elektroniczn\u0105 tablic\u0119 odjazd\u00f3w. Takie gad\u017cety jednak znacz\u0105co u\u0142atwiaj\u0105 podr\u00f3\u017cowanie. 09.11.2017<\/p>\n","protected":false},"author":1,"featured_media":2997,"comment_status":"open","ping_status":"","sticky":false,"template":"","format":"standard","meta":{"footnotes":""},"categories":[368,3],"tags":[837,838,126,842,1112,839,840],"class_list":["post-2996","post","type-post","status-publish","format-standard","has-post-thumbnail","hentry","category-rok-2017","category-tramwaj","tag-2017-11-09","tag-bulgaria","tag-jesien","tag-sofia","tag-tatra-t4","tag-wakacje-2017","tag-840"],"_links":{"self":[{"href":"https:\/\/wgphoto.pl\/t\/index.php?rest_route=\/wp\/v2\/posts\/2996","targetHints":{"allow":["GET"]}}],"collection":[{"href":"https:\/\/wgphoto.pl\/t\/index.php?rest_route=\/wp\/v2\/posts"}],"about":[{"href":"https:\/\/wgphoto.pl\/t\/index.php?rest_route=\/wp\/v2\/types\/post"}],"author":[{"embeddable":true,"href":"https:\/\/wgphoto.pl\/t\/index.php?rest_route=\/wp\/v2\/users\/1"}],"replies":[{"embeddable":true,"href":"https:\/\/wgphoto.pl\/t\/index.php?rest_route=%2Fwp%2Fv2%2Fcomments&post=2996"}],"version-history":[{"count":1,"href":"https:\/\/wgphoto.pl\/t\/index.php?rest_route=\/wp\/v2\/posts\/2996\/revisions"}],"predecessor-version":[{"id":2998,"href":"https:\/\/wgphoto.pl\/t\/index.php?rest_route=\/wp\/v2\/posts\/2996\/revisions\/2998"}],"wp:featuredmedia":[{"embeddable":true,"href":"https:\/\/wgphoto.pl\/t\/index.php?rest_route=\/wp\/v2\/media\/2997"}],"wp:attachment":[{"href":"https:\/\/wgphoto.pl\/t\/index.php?rest_route=%2Fwp%2Fv2%2Fmedia&parent=2996"}],"wp:term":[{"taxonomy":"category","embeddable":true,"href":"https:\/\/wgphoto.pl\/t\/index.php?rest_route=%2Fwp%2Fv2%2Fcategories&post=2996"},{"taxonomy":"post_tag","embeddable":true,"href":"https:\/\/wgphoto.pl\/t\/index.php?rest_route=%2Fwp%2Fv2%2Ftags&post=2996"}],"curies":[{"name":"wp","href":"https:\/\/api.w.org\/{rel}","templated":true}]}}