{"id":3002,"date":"2024-10-18T17:45:58","date_gmt":"2024-10-18T15:45:58","guid":{"rendered":"https:\/\/wgphoto.pl\/t\/?p=3002"},"modified":"2024-10-18T17:45:58","modified_gmt":"2024-10-18T15:45:58","slug":"holenderskie-pieknosci","status":"publish","type":"post","link":"https:\/\/wgphoto.pl\/t\/?p=3002","title":{"rendered":"Holenderskie pi\u0119kno\u015bci"},"content":{"rendered":"\n<figure class=\"wp-block-image aligncenter size-full\"><img loading=\"lazy\" decoding=\"async\" width=\"1200\" height=\"795\" src=\"https:\/\/wgphoto.pl\/t\/wp-content\/uploads\/2024\/10\/IMGP0703.jpg\" alt=\"\" class=\"wp-image-3003\" srcset=\"https:\/\/wgphoto.pl\/t\/wp-content\/uploads\/2024\/10\/IMGP0703.jpg 1200w, https:\/\/wgphoto.pl\/t\/wp-content\/uploads\/2024\/10\/IMGP0703-300x199.jpg 300w, https:\/\/wgphoto.pl\/t\/wp-content\/uploads\/2024\/10\/IMGP0703-768x509.jpg 768w\" sizes=\"auto, (max-width: 1200px) 100vw, 1200px\" \/><\/figure>\n\n\n\n<div class=\"wp-block-group has-global-padding is-layout-constrained wp-block-group-is-layout-constrained\">\n<p>Tych z lewej by\u0142o du\u017co i by\u0142y nijakie. Za to te z prawej m\u00f3g\u0142bym foci\u0107, tylko jak zwykle skupi\u0142em si\u0119 na \u0142atwiej dost\u0119pnych tramwajach. Poci\u0105gi do 's-Hertogenbosch (chyba jedyna miejscowo\u015b\u0107 na \u015bwiecie o nazwie rozpoczynaj\u0105cej si\u0119 apostrofem) i Enschede wkr\u00f3tce odjad\u0105 z dworca Den Haag Centraal. 30.04.2017<\/p>\n<\/div>\n","protected":false},"excerpt":{"rendered":"<p>Tych z lewej by\u0142o du\u017co i by\u0142y nijakie. Za to te z prawej m\u00f3g\u0142bym foci\u0107, tylko jak zwykle skupi\u0142em si\u0119 na \u0142atwiej dost\u0119pnych tramwajach. Poci\u0105gi do 's-Hertogenbosch (chyba jedyna miejscowo\u015b\u0107 na \u015bwiecie o nazwie rozpoczynaj\u0105cej si\u0119 apostrofem) i Enschede wkr\u00f3tce odjad\u0105 z dworca Den Haag Centraal. 30.04.2017<\/p>\n","protected":false},"author":1,"featured_media":3003,"comment_status":"open","ping_status":"","sticky":false,"template":"","format":"standard","meta":{"footnotes":""},"categories":[2,368],"tags":[1441,1454,371,370,173,787,1453],"class_list":["post-3002","post","type-post","status-publish","format-standard","has-post-thumbnail","hentry","category-kolej","category-rok-2017","tag-2017-04-30","tag-den-haag-centraal","tag-haga","tag-holandia","tag-koncowki","tag-majowka-2017-2","tag-ns"],"_links":{"self":[{"href":"https:\/\/wgphoto.pl\/t\/index.php?rest_route=\/wp\/v2\/posts\/3002","targetHints":{"allow":["GET"]}}],"collection":[{"href":"https:\/\/wgphoto.pl\/t\/index.php?rest_route=\/wp\/v2\/posts"}],"about":[{"href":"https:\/\/wgphoto.pl\/t\/index.php?rest_route=\/wp\/v2\/types\/post"}],"author":[{"embeddable":true,"href":"https:\/\/wgphoto.pl\/t\/index.php?rest_route=\/wp\/v2\/users\/1"}],"replies":[{"embeddable":true,"href":"https:\/\/wgphoto.pl\/t\/index.php?rest_route=%2Fwp%2Fv2%2Fcomments&post=3002"}],"version-history":[{"count":1,"href":"https:\/\/wgphoto.pl\/t\/index.php?rest_route=\/wp\/v2\/posts\/3002\/revisions"}],"predecessor-version":[{"id":3004,"href":"https:\/\/wgphoto.pl\/t\/index.php?rest_route=\/wp\/v2\/posts\/3002\/revisions\/3004"}],"wp:featuredmedia":[{"embeddable":true,"href":"https:\/\/wgphoto.pl\/t\/index.php?rest_route=\/wp\/v2\/media\/3003"}],"wp:attachment":[{"href":"https:\/\/wgphoto.pl\/t\/index.php?rest_route=%2Fwp%2Fv2%2Fmedia&parent=3002"}],"wp:term":[{"taxonomy":"category","embeddable":true,"href":"https:\/\/wgphoto.pl\/t\/index.php?rest_route=%2Fwp%2Fv2%2Fcategories&post=3002"},{"taxonomy":"post_tag","embeddable":true,"href":"https:\/\/wgphoto.pl\/t\/index.php?rest_route=%2Fwp%2Fv2%2Ftags&post=3002"}],"curies":[{"name":"wp","href":"https:\/\/api.w.org\/{rel}","templated":true}]}}