{"id":3005,"date":"2024-10-18T17:46:55","date_gmt":"2024-10-18T15:46:55","guid":{"rendered":"https:\/\/wgphoto.pl\/t\/?p=3005"},"modified":"2024-10-18T17:46:55","modified_gmt":"2024-10-18T15:46:55","slug":"czy-leci-z-nami-pilot","status":"publish","type":"post","link":"https:\/\/wgphoto.pl\/t\/?p=3005","title":{"rendered":"Czy leci z nami pilot"},"content":{"rendered":"\n<figure class=\"wp-block-image aligncenter size-full\"><img loading=\"lazy\" decoding=\"async\" width=\"1200\" height=\"795\" src=\"https:\/\/wgphoto.pl\/t\/wp-content\/uploads\/2024\/10\/IMGP0700.jpg\" alt=\"\" class=\"wp-image-3006\" srcset=\"https:\/\/wgphoto.pl\/t\/wp-content\/uploads\/2024\/10\/IMGP0700.jpg 1200w, https:\/\/wgphoto.pl\/t\/wp-content\/uploads\/2024\/10\/IMGP0700-300x199.jpg 300w, https:\/\/wgphoto.pl\/t\/wp-content\/uploads\/2024\/10\/IMGP0700-768x509.jpg 768w\" sizes=\"auto, (max-width: 1200px) 100vw, 1200px\" \/><\/figure>\n\n\n\n<div class=\"wp-block-group has-global-padding is-layout-constrained wp-block-group-is-layout-constrained\">\n<p>To znaczy, czy jedzie maszynista? Ano jedzie, tam na g\u00f3rze, co lepiej wida\u0107 na poprzednim zdj\u0119ciu. Poci\u0105g do Utrechtu za par\u0119 minut odjedzie z dworca centralnego w Hadze. 30.04.2017<\/p>\n<\/div>\n","protected":false},"excerpt":{"rendered":"<p>To znaczy, czy jedzie maszynista? Ano jedzie, tam na g\u00f3rze, co lepiej wida\u0107 na poprzednim zdj\u0119ciu. Poci\u0105g do Utrechtu za par\u0119 minut odjedzie z dworca centralnego w Hadze. 30.04.2017<\/p>\n","protected":false},"author":1,"featured_media":3006,"comment_status":"open","ping_status":"","sticky":false,"template":"","format":"standard","meta":{"footnotes":""},"categories":[2,368],"tags":[1441,1454,371,370,787,1453],"class_list":["post-3005","post","type-post","status-publish","format-standard","has-post-thumbnail","hentry","category-kolej","category-rok-2017","tag-2017-04-30","tag-den-haag-centraal","tag-haga","tag-holandia","tag-majowka-2017-2","tag-ns"],"_links":{"self":[{"href":"https:\/\/wgphoto.pl\/t\/index.php?rest_route=\/wp\/v2\/posts\/3005","targetHints":{"allow":["GET"]}}],"collection":[{"href":"https:\/\/wgphoto.pl\/t\/index.php?rest_route=\/wp\/v2\/posts"}],"about":[{"href":"https:\/\/wgphoto.pl\/t\/index.php?rest_route=\/wp\/v2\/types\/post"}],"author":[{"embeddable":true,"href":"https:\/\/wgphoto.pl\/t\/index.php?rest_route=\/wp\/v2\/users\/1"}],"replies":[{"embeddable":true,"href":"https:\/\/wgphoto.pl\/t\/index.php?rest_route=%2Fwp%2Fv2%2Fcomments&post=3005"}],"version-history":[{"count":1,"href":"https:\/\/wgphoto.pl\/t\/index.php?rest_route=\/wp\/v2\/posts\/3005\/revisions"}],"predecessor-version":[{"id":3007,"href":"https:\/\/wgphoto.pl\/t\/index.php?rest_route=\/wp\/v2\/posts\/3005\/revisions\/3007"}],"wp:featuredmedia":[{"embeddable":true,"href":"https:\/\/wgphoto.pl\/t\/index.php?rest_route=\/wp\/v2\/media\/3006"}],"wp:attachment":[{"href":"https:\/\/wgphoto.pl\/t\/index.php?rest_route=%2Fwp%2Fv2%2Fmedia&parent=3005"}],"wp:term":[{"taxonomy":"category","embeddable":true,"href":"https:\/\/wgphoto.pl\/t\/index.php?rest_route=%2Fwp%2Fv2%2Fcategories&post=3005"},{"taxonomy":"post_tag","embeddable":true,"href":"https:\/\/wgphoto.pl\/t\/index.php?rest_route=%2Fwp%2Fv2%2Ftags&post=3005"}],"curies":[{"name":"wp","href":"https:\/\/api.w.org\/{rel}","templated":true}]}}