{"id":3103,"date":"2024-10-20T12:19:38","date_gmt":"2024-10-20T10:19:38","guid":{"rendered":"https:\/\/wgphoto.pl\/t\/?p=3103"},"modified":"2024-10-20T12:19:38","modified_gmt":"2024-10-20T10:19:38","slug":"eskisehir","status":"publish","type":"post","link":"https:\/\/wgphoto.pl\/t\/?p=3103","title":{"rendered":"Eski\u015fehir"},"content":{"rendered":"\n<figure class=\"wp-block-image aligncenter size-full\"><img loading=\"lazy\" decoding=\"async\" width=\"1300\" height=\"886\" src=\"https:\/\/wgphoto.pl\/t\/wp-content\/uploads\/2024\/10\/IMGP7540.jpg\" alt=\"\" class=\"wp-image-3104\" srcset=\"https:\/\/wgphoto.pl\/t\/wp-content\/uploads\/2024\/10\/IMGP7540.jpg 1300w, https:\/\/wgphoto.pl\/t\/wp-content\/uploads\/2024\/10\/IMGP7540-300x204.jpg 300w, https:\/\/wgphoto.pl\/t\/wp-content\/uploads\/2024\/10\/IMGP7540-768x523.jpg 768w\" sizes=\"auto, (max-width: 1300px) 100vw, 1300px\" \/><\/figure>\n\n\n\n<div class=\"wp-block-group has-global-padding is-layout-constrained wp-block-group-is-layout-constrained\">\n<p>Pora na kolejne miasto &#8211; 750-tysi\u0119czne Eski\u015fehir, posiadaj\u0105ce od 2004 roku stale rozwijan\u0105 sie\u0107 tramwajow\u0105. Pomnik widoczny na zdj\u0119ciu (to tylko 1\/3 instalacji artystycznej) to chyba co\u015b w stylu tureckiej wersji robotnika i ko\u0142cho\u017anicy, wzbogaconych o kilka innych profesji. \ud83d\ude09 08.10.2016<\/p>\n<\/div>\n","protected":false},"excerpt":{"rendered":"<p>Pora na kolejne miasto &#8211; 750-tysi\u0119czne Eski\u015fehir, posiadaj\u0105ce od 2004 roku stale rozwijan\u0105 sie\u0107 tramwajow\u0105. Pomnik widoczny na zdj\u0119ciu (to tylko 1\/3 instalacji artystycznej) to chyba co\u015b w stylu tureckiej wersji robotnika i ko\u0142cho\u017anicy, wzbogaconych o kilka innych profesji. \ud83d\ude09 08.10.2016<\/p>\n","protected":false},"author":1,"featured_media":3104,"comment_status":"open","ping_status":"","sticky":false,"template":"","format":"standard","meta":{"footnotes":""},"categories":[125,3],"tags":[1482,34,185,1481,927,931],"class_list":["post-3103","post","type-post","status-publish","format-standard","has-post-thumbnail","hentry","category-rok-2016","category-tramwaj","tag-2016-10-08","tag-architektura","tag-cityrunner","tag-eskisehir","tag-turcja","tag-turcja-2016"],"_links":{"self":[{"href":"https:\/\/wgphoto.pl\/t\/index.php?rest_route=\/wp\/v2\/posts\/3103","targetHints":{"allow":["GET"]}}],"collection":[{"href":"https:\/\/wgphoto.pl\/t\/index.php?rest_route=\/wp\/v2\/posts"}],"about":[{"href":"https:\/\/wgphoto.pl\/t\/index.php?rest_route=\/wp\/v2\/types\/post"}],"author":[{"embeddable":true,"href":"https:\/\/wgphoto.pl\/t\/index.php?rest_route=\/wp\/v2\/users\/1"}],"replies":[{"embeddable":true,"href":"https:\/\/wgphoto.pl\/t\/index.php?rest_route=%2Fwp%2Fv2%2Fcomments&post=3103"}],"version-history":[{"count":1,"href":"https:\/\/wgphoto.pl\/t\/index.php?rest_route=\/wp\/v2\/posts\/3103\/revisions"}],"predecessor-version":[{"id":3105,"href":"https:\/\/wgphoto.pl\/t\/index.php?rest_route=\/wp\/v2\/posts\/3103\/revisions\/3105"}],"wp:featuredmedia":[{"embeddable":true,"href":"https:\/\/wgphoto.pl\/t\/index.php?rest_route=\/wp\/v2\/media\/3104"}],"wp:attachment":[{"href":"https:\/\/wgphoto.pl\/t\/index.php?rest_route=%2Fwp%2Fv2%2Fmedia&parent=3103"}],"wp:term":[{"taxonomy":"category","embeddable":true,"href":"https:\/\/wgphoto.pl\/t\/index.php?rest_route=%2Fwp%2Fv2%2Fcategories&post=3103"},{"taxonomy":"post_tag","embeddable":true,"href":"https:\/\/wgphoto.pl\/t\/index.php?rest_route=%2Fwp%2Fv2%2Ftags&post=3103"}],"curies":[{"name":"wp","href":"https:\/\/api.w.org\/{rel}","templated":true}]}}