{"id":3106,"date":"2024-10-20T12:21:42","date_gmt":"2024-10-20T10:21:42","guid":{"rendered":"https:\/\/wgphoto.pl\/t\/?p=3106"},"modified":"2024-10-20T13:25:34","modified_gmt":"2024-10-20T11:25:34","slug":"3106","status":"publish","type":"post","link":"https:\/\/wgphoto.pl\/t\/?p=3106","title":{"rendered":"Turecki poranek"},"content":{"rendered":"\n<figure class=\"wp-block-image aligncenter size-full\"><img loading=\"lazy\" decoding=\"async\" width=\"1300\" height=\"861\" src=\"https:\/\/wgphoto.pl\/t\/wp-content\/uploads\/2024\/10\/20161026201538_imgp7530.jpg\" alt=\"\" class=\"wp-image-3107\" srcset=\"https:\/\/wgphoto.pl\/t\/wp-content\/uploads\/2024\/10\/20161026201538_imgp7530.jpg 1300w, https:\/\/wgphoto.pl\/t\/wp-content\/uploads\/2024\/10\/20161026201538_imgp7530-300x199.jpg 300w, https:\/\/wgphoto.pl\/t\/wp-content\/uploads\/2024\/10\/20161026201538_imgp7530-768x509.jpg 768w\" sizes=\"auto, (max-width: 1300px) 100vw, 1300px\" \/><\/figure>\n\n\n\n<div class=\"wp-block-group has-global-padding is-layout-constrained wp-block-group-is-layout-constrained\">\n<p>Eski\u015fehir, po\u0142o\u017cone nad rzek\u0105 Porsuk, wygl\u0105da bardzo &#8222;europejsko&#8221;. Sk\u0142adaj\u0105 si\u0119 na to: og\u00f3lna zabudowa miasta, nadrzeczne bulwary wype\u0142nione knajpkami, knajpki wype\u0142nione mn\u00f3stwem m\u0142odych ludzi (Eski\u015fehir jest mocno &#8222;uniwersyteckim&#8221; miastem) oraz ch\u0119\u0107 tych\u017ce m\u0142odych do \u017cycia &#8222;po europejsku&#8221; &#8211; ci\u0119\u017cko tu zatem spotka\u0107 kobiety ubrane w stylu zakonnic (wybaczcie moj\u0105 ignorancj\u0119 \ud83d\ude09 ), meczety nie rzucaj\u0105 si\u0119 w oczy, ci\u0119\u017cko nawet us\u0142ysze\u0107 \u015bpiew muezina. Jest zauwa\u017calna r\u00f3\u017cnica wzgl\u0119dem innych odwiedzonych przeze mnie miast.<br>Patrz\u0105c na ten obrazek wyobra\u017acie sobie cisz\u0119 letniego poranka (tak, letniego, mimo \u017ce zbli\u017ca si\u0119 po\u0142owa pa\u017adziernika, chocia\u017c za kilka godzin pogoda si\u0119 nieco zmieni), gdy niskie s\u0142o\u0144ce wschodz\u0105ce znad budynk\u00f3w zaczyna delikatnie przygrzewa\u0107, powietrze stoi (st\u0105d g\u0142adka tafla wody), a na ulicach jeszcze panuje cisza. Mieszka\u0144cy zaraz wyjd\u0105 z dom\u00f3w i wype\u0142ni\u0105 miasto gwarem do samego wieczora. Warto wsta\u0107 w Turcji o 7 rano (nie ma sensu wstawa\u0107 wcze\u015bniej, bo w pa\u017adzierniku jest jeszcze ciemno oraz &#8211; co wa\u017cniejsze &#8211; nie je\u017cd\u017c\u0105 jeszcze tramwaje), bo poranek to jedyna okazja na chwil\u0119 spokoju. 08.10.2016<\/p>\n<\/div>\n","protected":false},"excerpt":{"rendered":"<p>Eski\u015fehir, po\u0142o\u017cone nad rzek\u0105 Porsuk, wygl\u0105da bardzo &#8222;europejsko&#8221;. Sk\u0142adaj\u0105 si\u0119 na to: og\u00f3lna zabudowa miasta, nadrzeczne bulwary wype\u0142nione knajpkami, knajpki wype\u0142nione mn\u00f3stwem m\u0142odych ludzi (Eski\u015fehir jest mocno &#8222;uniwersyteckim&#8221; miastem) oraz ch\u0119\u0107 tych\u017ce m\u0142odych do \u017cycia &#8222;po europejsku&#8221; &#8211; ci\u0119\u017cko tu zatem spotka\u0107 kobiety ubrane w stylu zakonnic (wybaczcie moj\u0105 ignorancj\u0119 \ud83d\ude09 ), meczety nie rzucaj\u0105 [&hellip;]<\/p>\n","protected":false},"author":1,"featured_media":3107,"comment_status":"open","ping_status":"","sticky":false,"template":"","format":"standard","meta":{"footnotes":""},"categories":[125,3],"tags":[1482,185,1481,395,45,176,73,927,931],"class_list":["post-3106","post","type-post","status-publish","format-standard","has-post-thumbnail","hentry","category-rok-2016","category-tramwaj","tag-2016-10-08","tag-cityrunner","tag-eskisehir","tag-lustro","tag-most","tag-rano","tag-rzeka","tag-turcja","tag-turcja-2016"],"_links":{"self":[{"href":"https:\/\/wgphoto.pl\/t\/index.php?rest_route=\/wp\/v2\/posts\/3106","targetHints":{"allow":["GET"]}}],"collection":[{"href":"https:\/\/wgphoto.pl\/t\/index.php?rest_route=\/wp\/v2\/posts"}],"about":[{"href":"https:\/\/wgphoto.pl\/t\/index.php?rest_route=\/wp\/v2\/types\/post"}],"author":[{"embeddable":true,"href":"https:\/\/wgphoto.pl\/t\/index.php?rest_route=\/wp\/v2\/users\/1"}],"replies":[{"embeddable":true,"href":"https:\/\/wgphoto.pl\/t\/index.php?rest_route=%2Fwp%2Fv2%2Fcomments&post=3106"}],"version-history":[{"count":2,"href":"https:\/\/wgphoto.pl\/t\/index.php?rest_route=\/wp\/v2\/posts\/3106\/revisions"}],"predecessor-version":[{"id":3163,"href":"https:\/\/wgphoto.pl\/t\/index.php?rest_route=\/wp\/v2\/posts\/3106\/revisions\/3163"}],"wp:featuredmedia":[{"embeddable":true,"href":"https:\/\/wgphoto.pl\/t\/index.php?rest_route=\/wp\/v2\/media\/3107"}],"wp:attachment":[{"href":"https:\/\/wgphoto.pl\/t\/index.php?rest_route=%2Fwp%2Fv2%2Fmedia&parent=3106"}],"wp:term":[{"taxonomy":"category","embeddable":true,"href":"https:\/\/wgphoto.pl\/t\/index.php?rest_route=%2Fwp%2Fv2%2Fcategories&post=3106"},{"taxonomy":"post_tag","embeddable":true,"href":"https:\/\/wgphoto.pl\/t\/index.php?rest_route=%2Fwp%2Fv2%2Ftags&post=3106"}],"curies":[{"name":"wp","href":"https:\/\/api.w.org\/{rel}","templated":true}]}}