{"id":3115,"date":"2024-10-20T12:29:52","date_gmt":"2024-10-20T10:29:52","guid":{"rendered":"https:\/\/wgphoto.pl\/t\/?p=3115"},"modified":"2024-10-20T12:29:52","modified_gmt":"2024-10-20T10:29:52","slug":"z-panorama-raczej-nie","status":"publish","type":"post","link":"https:\/\/wgphoto.pl\/t\/?p=3115","title":{"rendered":"Z panoram\u0105 raczej nie"},"content":{"rendered":"\n<figure class=\"wp-block-image aligncenter size-full\"><img loading=\"lazy\" decoding=\"async\" width=\"1200\" height=\"795\" src=\"https:\/\/wgphoto.pl\/t\/wp-content\/uploads\/2024\/10\/20161102232551_imgp7672.jpg\" alt=\"\" class=\"wp-image-3116\" srcset=\"https:\/\/wgphoto.pl\/t\/wp-content\/uploads\/2024\/10\/20161102232551_imgp7672.jpg 1200w, https:\/\/wgphoto.pl\/t\/wp-content\/uploads\/2024\/10\/20161102232551_imgp7672-300x199.jpg 300w, https:\/\/wgphoto.pl\/t\/wp-content\/uploads\/2024\/10\/20161102232551_imgp7672-768x509.jpg 768w\" sizes=\"auto, (max-width: 1200px) 100vw, 1200px\" \/><\/figure>\n\n\n\n<div class=\"wp-block-group has-global-padding is-layout-constrained wp-block-group-is-layout-constrained\">\n<p>Eski\u015fehir le\u017cy na wzg\u00f3rzach, na kt\u00f3re to wzg\u00f3rza tramwaje jak najbardziej si\u0119 wspinaj\u0105 (im nowsza trasa, tym wspinaj\u0105 si\u0119 bardziej), lecz ci\u0119\u017cko z\u0142apa\u0107 w jednym kadrze tramwaj z jak\u0105\u015b \u0142adn\u0105 panoram\u0105 miasta. Mo\u017cna natomiast skorzysta\u0107 z oferty powstaj\u0105cych w tej okolicy eleganckich osiedli i zakupi\u0107 lokal mieszkalny z \u0142adniejszym zapewne widokiem z okna ni\u017c widok powy\u017cszy. 08.10.2016<\/p>\n<\/div>\n","protected":false},"excerpt":{"rendered":"<p>Eski\u015fehir le\u017cy na wzg\u00f3rzach, na kt\u00f3re to wzg\u00f3rza tramwaje jak najbardziej si\u0119 wspinaj\u0105 (im nowsza trasa, tym wspinaj\u0105 si\u0119 bardziej), lecz ci\u0119\u017cko z\u0142apa\u0107 w jednym kadrze tramwaj z jak\u0105\u015b \u0142adn\u0105 panoram\u0105 miasta. Mo\u017cna natomiast skorzysta\u0107 z oferty powstaj\u0105cych w tej okolicy eleganckich osiedli i zakupi\u0107 lokal mieszkalny z \u0142adniejszym zapewne widokiem z okna ni\u017c widok [&hellip;]<\/p>\n","protected":false},"author":1,"featured_media":3116,"comment_status":"open","ping_status":"","sticky":false,"template":"","format":"standard","meta":{"footnotes":""},"categories":[125,3],"tags":[1482,185,1481,113,927,931],"class_list":["post-3115","post","type-post","status-publish","format-standard","has-post-thumbnail","hentry","category-rok-2016","category-tramwaj","tag-2016-10-08","tag-cityrunner","tag-eskisehir","tag-landszaft","tag-turcja","tag-turcja-2016"],"_links":{"self":[{"href":"https:\/\/wgphoto.pl\/t\/index.php?rest_route=\/wp\/v2\/posts\/3115","targetHints":{"allow":["GET"]}}],"collection":[{"href":"https:\/\/wgphoto.pl\/t\/index.php?rest_route=\/wp\/v2\/posts"}],"about":[{"href":"https:\/\/wgphoto.pl\/t\/index.php?rest_route=\/wp\/v2\/types\/post"}],"author":[{"embeddable":true,"href":"https:\/\/wgphoto.pl\/t\/index.php?rest_route=\/wp\/v2\/users\/1"}],"replies":[{"embeddable":true,"href":"https:\/\/wgphoto.pl\/t\/index.php?rest_route=%2Fwp%2Fv2%2Fcomments&post=3115"}],"version-history":[{"count":1,"href":"https:\/\/wgphoto.pl\/t\/index.php?rest_route=\/wp\/v2\/posts\/3115\/revisions"}],"predecessor-version":[{"id":3117,"href":"https:\/\/wgphoto.pl\/t\/index.php?rest_route=\/wp\/v2\/posts\/3115\/revisions\/3117"}],"wp:featuredmedia":[{"embeddable":true,"href":"https:\/\/wgphoto.pl\/t\/index.php?rest_route=\/wp\/v2\/media\/3116"}],"wp:attachment":[{"href":"https:\/\/wgphoto.pl\/t\/index.php?rest_route=%2Fwp%2Fv2%2Fmedia&parent=3115"}],"wp:term":[{"taxonomy":"category","embeddable":true,"href":"https:\/\/wgphoto.pl\/t\/index.php?rest_route=%2Fwp%2Fv2%2Fcategories&post=3115"},{"taxonomy":"post_tag","embeddable":true,"href":"https:\/\/wgphoto.pl\/t\/index.php?rest_route=%2Fwp%2Fv2%2Ftags&post=3115"}],"curies":[{"name":"wp","href":"https:\/\/api.w.org\/{rel}","templated":true}]}}