{"id":3118,"date":"2024-10-20T12:31:20","date_gmt":"2024-10-20T10:31:20","guid":{"rendered":"https:\/\/wgphoto.pl\/t\/?p=3118"},"modified":"2024-10-20T12:31:20","modified_gmt":"2024-10-20T10:31:20","slug":"enerdowski-deptak","status":"publish","type":"post","link":"https:\/\/wgphoto.pl\/t\/?p=3118","title":{"rendered":"Enerdowski deptak"},"content":{"rendered":"\n<figure class=\"wp-block-image aligncenter size-full\"><img loading=\"lazy\" decoding=\"async\" width=\"1200\" height=\"795\" src=\"https:\/\/wgphoto.pl\/t\/wp-content\/uploads\/2024\/10\/20161105124018_imgp7745.jpg\" alt=\"\" class=\"wp-image-3119\" srcset=\"https:\/\/wgphoto.pl\/t\/wp-content\/uploads\/2024\/10\/20161105124018_imgp7745.jpg 1200w, https:\/\/wgphoto.pl\/t\/wp-content\/uploads\/2024\/10\/20161105124018_imgp7745-300x199.jpg 300w, https:\/\/wgphoto.pl\/t\/wp-content\/uploads\/2024\/10\/20161105124018_imgp7745-768x509.jpg 768w\" sizes=\"auto, (max-width: 1200px) 100vw, 1200px\" \/><\/figure>\n\n\n\n<div class=\"wp-block-group has-global-padding is-layout-constrained wp-block-group-is-layout-constrained\">\n<p>Eski\u015fehir, \u0130ki Eyl\u00fcl Caddesi. W centrum miasta urz\u0105dzono dosy\u0107 d\u0142ugi deptak, po kt\u00f3rym mog\u0105 si\u0119 porusza\u0107 piesi i tramwaje (i nawet jest to respektowane przez kierowc\u00f3w samochod\u00f3w). Spotka\u0142em si\u0119 gdzie\u015b ze stwierdzeniem, \u017ce budynek w Turcji uznawany jest za stary je\u015bli ma >25 lat. Mo\u017ce wi\u0119c nie ma tutaj kamienic, ale warunek &#8222;starej zabudowy&#8221; raczej jest spe\u0142niony. Zreszt\u0105 takie nieciekawe bloki stoj\u0105 przecie\u017c przy niejednym deptaku we wschodnioniemieckich miastach. 08.10.2016<\/p>\n<\/div>\n","protected":false},"excerpt":{"rendered":"<p>Eski\u015fehir, \u0130ki Eyl\u00fcl Caddesi. W centrum miasta urz\u0105dzono dosy\u0107 d\u0142ugi deptak, po kt\u00f3rym mog\u0105 si\u0119 porusza\u0107 piesi i tramwaje (i nawet jest to respektowane przez kierowc\u00f3w samochod\u00f3w). Spotka\u0142em si\u0119 gdzie\u015b ze stwierdzeniem, \u017ce budynek w Turcji uznawany jest za stary je\u015bli ma >25 lat. Mo\u017ce wi\u0119c nie ma tutaj kamienic, ale warunek &#8222;starej zabudowy&#8221; raczej [&hellip;]<\/p>\n","protected":false},"author":1,"featured_media":3119,"comment_status":"open","ping_status":"","sticky":false,"template":"","format":"standard","meta":{"footnotes":""},"categories":[125,3],"tags":[1482,185,239,1481,151,927,931],"class_list":["post-3118","post","type-post","status-publish","format-standard","has-post-thumbnail","hentry","category-rok-2016","category-tramwaj","tag-2016-10-08","tag-cityrunner","tag-deptak","tag-eskisehir","tag-ludzie","tag-turcja","tag-turcja-2016"],"_links":{"self":[{"href":"https:\/\/wgphoto.pl\/t\/index.php?rest_route=\/wp\/v2\/posts\/3118","targetHints":{"allow":["GET"]}}],"collection":[{"href":"https:\/\/wgphoto.pl\/t\/index.php?rest_route=\/wp\/v2\/posts"}],"about":[{"href":"https:\/\/wgphoto.pl\/t\/index.php?rest_route=\/wp\/v2\/types\/post"}],"author":[{"embeddable":true,"href":"https:\/\/wgphoto.pl\/t\/index.php?rest_route=\/wp\/v2\/users\/1"}],"replies":[{"embeddable":true,"href":"https:\/\/wgphoto.pl\/t\/index.php?rest_route=%2Fwp%2Fv2%2Fcomments&post=3118"}],"version-history":[{"count":1,"href":"https:\/\/wgphoto.pl\/t\/index.php?rest_route=\/wp\/v2\/posts\/3118\/revisions"}],"predecessor-version":[{"id":3120,"href":"https:\/\/wgphoto.pl\/t\/index.php?rest_route=\/wp\/v2\/posts\/3118\/revisions\/3120"}],"wp:featuredmedia":[{"embeddable":true,"href":"https:\/\/wgphoto.pl\/t\/index.php?rest_route=\/wp\/v2\/media\/3119"}],"wp:attachment":[{"href":"https:\/\/wgphoto.pl\/t\/index.php?rest_route=%2Fwp%2Fv2%2Fmedia&parent=3118"}],"wp:term":[{"taxonomy":"category","embeddable":true,"href":"https:\/\/wgphoto.pl\/t\/index.php?rest_route=%2Fwp%2Fv2%2Fcategories&post=3118"},{"taxonomy":"post_tag","embeddable":true,"href":"https:\/\/wgphoto.pl\/t\/index.php?rest_route=%2Fwp%2Fv2%2Ftags&post=3118"}],"curies":[{"name":"wp","href":"https:\/\/api.w.org\/{rel}","templated":true}]}}