{"id":3121,"date":"2024-10-20T12:32:41","date_gmt":"2024-10-20T10:32:41","guid":{"rendered":"https:\/\/wgphoto.pl\/t\/?p=3121"},"modified":"2024-10-20T12:32:41","modified_gmt":"2024-10-20T10:32:41","slug":"przelamanie-profilu","status":"publish","type":"post","link":"https:\/\/wgphoto.pl\/t\/?p=3121","title":{"rendered":"Prze\u0142amanie profilu"},"content":{"rendered":"\n<figure class=\"wp-block-image aligncenter size-full\"><img loading=\"lazy\" decoding=\"async\" width=\"1200\" height=\"795\" src=\"https:\/\/wgphoto.pl\/t\/wp-content\/uploads\/2024\/10\/20161107225906_imgp7657.jpg\" alt=\"\" class=\"wp-image-3122\" srcset=\"https:\/\/wgphoto.pl\/t\/wp-content\/uploads\/2024\/10\/20161107225906_imgp7657.jpg 1200w, https:\/\/wgphoto.pl\/t\/wp-content\/uploads\/2024\/10\/20161107225906_imgp7657-300x199.jpg 300w, https:\/\/wgphoto.pl\/t\/wp-content\/uploads\/2024\/10\/20161107225906_imgp7657-768x509.jpg 768w\" sizes=\"auto, (max-width: 1200px) 100vw, 1200px\" \/><\/figure>\n\n\n\n<div class=\"wp-block-group has-global-padding is-layout-constrained wp-block-group-is-layout-constrained\">\n<p>Eski\u015fehir, Beh\u00e7et Necatigil Sokak. Cityrunner zje\u017cd\u017ca ze szczytu wzniesienia. A na nowych blokach z niewyprzedanymi jeszcze wszystkimi lokalami ju\u017c powiewaj\u0105 tureckie flagi, chocia\u017c jak na tutejsze mo\u017cliwo\u015bci i tak jest ich ma\u0142o. 08.10.2016<\/p>\n<\/div>\n","protected":false},"excerpt":{"rendered":"<p>Eski\u015fehir, Beh\u00e7et Necatigil Sokak. Cityrunner zje\u017cd\u017ca ze szczytu wzniesienia. A na nowych blokach z niewyprzedanymi jeszcze wszystkimi lokalami ju\u017c powiewaj\u0105 tureckie flagi, chocia\u017c jak na tutejsze mo\u017cliwo\u015bci i tak jest ich ma\u0142o. 08.10.2016<\/p>\n","protected":false},"author":1,"featured_media":3122,"comment_status":"open","ping_status":"","sticky":false,"template":"","format":"standard","meta":{"footnotes":""},"categories":[125,3],"tags":[1482,185,1481,118,927,931],"class_list":["post-3121","post","type-post","status-publish","format-standard","has-post-thumbnail","hentry","category-rok-2016","category-tramwaj","tag-2016-10-08","tag-cityrunner","tag-eskisehir","tag-plany-i-profile","tag-turcja","tag-turcja-2016"],"_links":{"self":[{"href":"https:\/\/wgphoto.pl\/t\/index.php?rest_route=\/wp\/v2\/posts\/3121","targetHints":{"allow":["GET"]}}],"collection":[{"href":"https:\/\/wgphoto.pl\/t\/index.php?rest_route=\/wp\/v2\/posts"}],"about":[{"href":"https:\/\/wgphoto.pl\/t\/index.php?rest_route=\/wp\/v2\/types\/post"}],"author":[{"embeddable":true,"href":"https:\/\/wgphoto.pl\/t\/index.php?rest_route=\/wp\/v2\/users\/1"}],"replies":[{"embeddable":true,"href":"https:\/\/wgphoto.pl\/t\/index.php?rest_route=%2Fwp%2Fv2%2Fcomments&post=3121"}],"version-history":[{"count":1,"href":"https:\/\/wgphoto.pl\/t\/index.php?rest_route=\/wp\/v2\/posts\/3121\/revisions"}],"predecessor-version":[{"id":3123,"href":"https:\/\/wgphoto.pl\/t\/index.php?rest_route=\/wp\/v2\/posts\/3121\/revisions\/3123"}],"wp:featuredmedia":[{"embeddable":true,"href":"https:\/\/wgphoto.pl\/t\/index.php?rest_route=\/wp\/v2\/media\/3122"}],"wp:attachment":[{"href":"https:\/\/wgphoto.pl\/t\/index.php?rest_route=%2Fwp%2Fv2%2Fmedia&parent=3121"}],"wp:term":[{"taxonomy":"category","embeddable":true,"href":"https:\/\/wgphoto.pl\/t\/index.php?rest_route=%2Fwp%2Fv2%2Fcategories&post=3121"},{"taxonomy":"post_tag","embeddable":true,"href":"https:\/\/wgphoto.pl\/t\/index.php?rest_route=%2Fwp%2Fv2%2Ftags&post=3121"}],"curies":[{"name":"wp","href":"https:\/\/api.w.org\/{rel}","templated":true}]}}