{"id":3124,"date":"2024-10-20T12:34:38","date_gmt":"2024-10-20T10:34:38","guid":{"rendered":"https:\/\/wgphoto.pl\/t\/?p=3124"},"modified":"2024-10-20T12:35:39","modified_gmt":"2024-10-20T10:35:39","slug":"%d1%87%d0%b0%d0%bc%d0%bb%d0%b8%d1%86%d1%8f","status":"publish","type":"post","link":"https:\/\/wgphoto.pl\/t\/?p=3124","title":{"rendered":"\u0427\u0430\u043c\u043b\u0438\u0446\u044f"},"content":{"rendered":"\n<figure class=\"wp-block-image aligncenter size-full\"><img loading=\"lazy\" decoding=\"async\" width=\"1200\" height=\"795\" src=\"https:\/\/wgphoto.pl\/t\/wp-content\/uploads\/2024\/10\/20161107225957_imgp7639.jpg\" alt=\"\" class=\"wp-image-3125\" srcset=\"https:\/\/wgphoto.pl\/t\/wp-content\/uploads\/2024\/10\/20161107225957_imgp7639.jpg 1200w, https:\/\/wgphoto.pl\/t\/wp-content\/uploads\/2024\/10\/20161107225957_imgp7639-300x199.jpg 300w, https:\/\/wgphoto.pl\/t\/wp-content\/uploads\/2024\/10\/20161107225957_imgp7639-768x509.jpg 768w\" sizes=\"auto, (max-width: 1200px) 100vw, 1200px\" \/><\/figure>\n\n\n\n<div class=\"wp-block-group has-global-padding is-layout-constrained wp-block-group-is-layout-constrained\">\n<p>Eski\u015fehir, G\u00fcrol Sokak. Jeden z najnowszych tramwaj\u00f3w tutejszego przewo\u017anika przemierza ulice dzielnicy \u00c7aml\u0131ca, kt\u00f3rej nazwa ci\u0105gle brzmia\u0142a mi dosy\u0107 swojsko, zupe\u0142nie jakby jej nazw\u0119 zapisano mniej wi\u0119cej jak w tytule. 08.10.2016<\/p>\n<\/div>\n","protected":false},"excerpt":{"rendered":"<p>Eski\u015fehir, G\u00fcrol Sokak. Jeden z najnowszych tramwaj\u00f3w tutejszego przewo\u017anika przemierza ulice dzielnicy \u00c7aml\u0131ca, kt\u00f3rej nazwa ci\u0105gle brzmia\u0142a mi dosy\u0107 swojsko, zupe\u0142nie jakby jej nazw\u0119 zapisano mniej wi\u0119cej jak w tytule. 08.10.2016<\/p>\n","protected":false},"author":1,"featured_media":3125,"comment_status":"open","ping_status":"","sticky":false,"template":"","format":"standard","meta":{"footnotes":""},"categories":[125,3],"tags":[1482,185,1481,118,927,931],"class_list":["post-3124","post","type-post","status-publish","format-standard","has-post-thumbnail","hentry","category-rok-2016","category-tramwaj","tag-2016-10-08","tag-cityrunner","tag-eskisehir","tag-plany-i-profile","tag-turcja","tag-turcja-2016"],"_links":{"self":[{"href":"https:\/\/wgphoto.pl\/t\/index.php?rest_route=\/wp\/v2\/posts\/3124","targetHints":{"allow":["GET"]}}],"collection":[{"href":"https:\/\/wgphoto.pl\/t\/index.php?rest_route=\/wp\/v2\/posts"}],"about":[{"href":"https:\/\/wgphoto.pl\/t\/index.php?rest_route=\/wp\/v2\/types\/post"}],"author":[{"embeddable":true,"href":"https:\/\/wgphoto.pl\/t\/index.php?rest_route=\/wp\/v2\/users\/1"}],"replies":[{"embeddable":true,"href":"https:\/\/wgphoto.pl\/t\/index.php?rest_route=%2Fwp%2Fv2%2Fcomments&post=3124"}],"version-history":[{"count":1,"href":"https:\/\/wgphoto.pl\/t\/index.php?rest_route=\/wp\/v2\/posts\/3124\/revisions"}],"predecessor-version":[{"id":3126,"href":"https:\/\/wgphoto.pl\/t\/index.php?rest_route=\/wp\/v2\/posts\/3124\/revisions\/3126"}],"wp:featuredmedia":[{"embeddable":true,"href":"https:\/\/wgphoto.pl\/t\/index.php?rest_route=\/wp\/v2\/media\/3125"}],"wp:attachment":[{"href":"https:\/\/wgphoto.pl\/t\/index.php?rest_route=%2Fwp%2Fv2%2Fmedia&parent=3124"}],"wp:term":[{"taxonomy":"category","embeddable":true,"href":"https:\/\/wgphoto.pl\/t\/index.php?rest_route=%2Fwp%2Fv2%2Fcategories&post=3124"},{"taxonomy":"post_tag","embeddable":true,"href":"https:\/\/wgphoto.pl\/t\/index.php?rest_route=%2Fwp%2Fv2%2Ftags&post=3124"}],"curies":[{"name":"wp","href":"https:\/\/api.w.org\/{rel}","templated":true}]}}