{"id":3127,"date":"2024-10-20T12:37:02","date_gmt":"2024-10-20T10:37:02","guid":{"rendered":"https:\/\/wgphoto.pl\/t\/?p=3127"},"modified":"2024-10-20T12:37:02","modified_gmt":"2024-10-20T10:37:02","slug":"zakladowa","status":"publish","type":"post","link":"https:\/\/wgphoto.pl\/t\/?p=3127","title":{"rendered":"Zak\u0142adowa"},"content":{"rendered":"\n<figure class=\"wp-block-image aligncenter size-full\"><img loading=\"lazy\" decoding=\"async\" width=\"1200\" height=\"795\" src=\"https:\/\/wgphoto.pl\/t\/wp-content\/uploads\/2024\/10\/20161107230028_imgp7661.jpg\" alt=\"\" class=\"wp-image-3128\" srcset=\"https:\/\/wgphoto.pl\/t\/wp-content\/uploads\/2024\/10\/20161107230028_imgp7661.jpg 1200w, https:\/\/wgphoto.pl\/t\/wp-content\/uploads\/2024\/10\/20161107230028_imgp7661-300x199.jpg 300w, https:\/\/wgphoto.pl\/t\/wp-content\/uploads\/2024\/10\/20161107230028_imgp7661-768x509.jpg 768w\" sizes=\"auto, (max-width: 1200px) 100vw, 1200px\" \/><\/figure>\n\n\n\n<div class=\"wp-block-group has-global-padding is-layout-constrained wp-block-group-is-layout-constrained\">\n<p>Eski\u015fehir, Domani\u00e7 Sokak. \u00d3semka p\u0119dzi pozbawion\u0105 chodnik\u00f3w ulic\u0105 przebiegaj\u0105c\u0105 przez fabryczno-gara\u017cowe tereny, w\u015br\u00f3d kt\u00f3rych czujne tureckie oczy wypatruj\u0105 terroryst\u00f3w z aparatami. \ud83d\ude09 08.10.2016<\/p>\n<\/div>\n","protected":false},"excerpt":{"rendered":"<p>Eski\u015fehir, Domani\u00e7 Sokak. \u00d3semka p\u0119dzi pozbawion\u0105 chodnik\u00f3w ulic\u0105 przebiegaj\u0105c\u0105 przez fabryczno-gara\u017cowe tereny, w\u015br\u00f3d kt\u00f3rych czujne tureckie oczy wypatruj\u0105 terroryst\u00f3w z aparatami. \ud83d\ude09 08.10.2016<\/p>\n","protected":false},"author":1,"featured_media":3128,"comment_status":"open","ping_status":"","sticky":false,"template":"","format":"standard","meta":{"footnotes":""},"categories":[125,3],"tags":[1482,185,1481,927,931],"class_list":["post-3127","post","type-post","status-publish","format-standard","has-post-thumbnail","hentry","category-rok-2016","category-tramwaj","tag-2016-10-08","tag-cityrunner","tag-eskisehir","tag-turcja","tag-turcja-2016"],"_links":{"self":[{"href":"https:\/\/wgphoto.pl\/t\/index.php?rest_route=\/wp\/v2\/posts\/3127","targetHints":{"allow":["GET"]}}],"collection":[{"href":"https:\/\/wgphoto.pl\/t\/index.php?rest_route=\/wp\/v2\/posts"}],"about":[{"href":"https:\/\/wgphoto.pl\/t\/index.php?rest_route=\/wp\/v2\/types\/post"}],"author":[{"embeddable":true,"href":"https:\/\/wgphoto.pl\/t\/index.php?rest_route=\/wp\/v2\/users\/1"}],"replies":[{"embeddable":true,"href":"https:\/\/wgphoto.pl\/t\/index.php?rest_route=%2Fwp%2Fv2%2Fcomments&post=3127"}],"version-history":[{"count":1,"href":"https:\/\/wgphoto.pl\/t\/index.php?rest_route=\/wp\/v2\/posts\/3127\/revisions"}],"predecessor-version":[{"id":3129,"href":"https:\/\/wgphoto.pl\/t\/index.php?rest_route=\/wp\/v2\/posts\/3127\/revisions\/3129"}],"wp:featuredmedia":[{"embeddable":true,"href":"https:\/\/wgphoto.pl\/t\/index.php?rest_route=\/wp\/v2\/media\/3128"}],"wp:attachment":[{"href":"https:\/\/wgphoto.pl\/t\/index.php?rest_route=%2Fwp%2Fv2%2Fmedia&parent=3127"}],"wp:term":[{"taxonomy":"category","embeddable":true,"href":"https:\/\/wgphoto.pl\/t\/index.php?rest_route=%2Fwp%2Fv2%2Fcategories&post=3127"},{"taxonomy":"post_tag","embeddable":true,"href":"https:\/\/wgphoto.pl\/t\/index.php?rest_route=%2Fwp%2Fv2%2Ftags&post=3127"}],"curies":[{"name":"wp","href":"https:\/\/api.w.org\/{rel}","templated":true}]}}