{"id":3145,"date":"2024-10-20T12:55:01","date_gmt":"2024-10-20T10:55:01","guid":{"rendered":"https:\/\/wgphoto.pl\/t\/?p=3145"},"modified":"2024-10-20T12:55:01","modified_gmt":"2024-10-20T10:55:01","slug":"ulica-monitorowana","status":"publish","type":"post","link":"https:\/\/wgphoto.pl\/t\/?p=3145","title":{"rendered":"Ulica monitorowana"},"content":{"rendered":"\n<figure class=\"wp-block-image aligncenter size-full\"><img loading=\"lazy\" decoding=\"async\" width=\"1200\" height=\"803\" src=\"https:\/\/wgphoto.pl\/t\/wp-content\/uploads\/2024\/10\/20170227220112_imgp3974.jpg\" alt=\"\" class=\"wp-image-3146\" srcset=\"https:\/\/wgphoto.pl\/t\/wp-content\/uploads\/2024\/10\/20170227220112_imgp3974.jpg 1200w, https:\/\/wgphoto.pl\/t\/wp-content\/uploads\/2024\/10\/20170227220112_imgp3974-300x201.jpg 300w, https:\/\/wgphoto.pl\/t\/wp-content\/uploads\/2024\/10\/20170227220112_imgp3974-768x514.jpg 768w\" sizes=\"auto, (max-width: 1200px) 100vw, 1200px\" \/><\/figure>\n\n\n\n<div class=\"wp-block-group has-global-padding is-layout-constrained wp-block-group-is-layout-constrained\">\n<p>Dyneburg, Andreja Pumpura iela. Dw\u00f3jka wraca do centrum ulic\u0105 imienia ludowego \u0142otewskiego poety, a z okna kr\u0119c\u0105 filmiki lokalni mi\u0142o\u015bnicy. \ud83d\ude09 29.05.2013<\/p>\n<\/div>\n","protected":false},"excerpt":{"rendered":"<p>Dyneburg, Andreja Pumpura iela. Dw\u00f3jka wraca do centrum ulic\u0105 imienia ludowego \u0142otewskiego poety, a z okna kr\u0119c\u0105 filmiki lokalni mi\u0142o\u015bnicy. \ud83d\ude09 29.05.2013<\/p>\n","protected":false},"author":1,"featured_media":3146,"comment_status":"open","ping_status":"","sticky":false,"template":"","format":"standard","meta":{"footnotes":""},"categories":[55,3],"tags":[614,612,616,56,1483],"class_list":["post-3145","post","type-post","status-publish","format-standard","has-post-thumbnail","hentry","category-rok-2013","category-tramwaj","tag-2013-05-29","tag-druga-majowka-2013","tag-dyneburg","tag-lotwa","tag-rvz"],"_links":{"self":[{"href":"https:\/\/wgphoto.pl\/t\/index.php?rest_route=\/wp\/v2\/posts\/3145","targetHints":{"allow":["GET"]}}],"collection":[{"href":"https:\/\/wgphoto.pl\/t\/index.php?rest_route=\/wp\/v2\/posts"}],"about":[{"href":"https:\/\/wgphoto.pl\/t\/index.php?rest_route=\/wp\/v2\/types\/post"}],"author":[{"embeddable":true,"href":"https:\/\/wgphoto.pl\/t\/index.php?rest_route=\/wp\/v2\/users\/1"}],"replies":[{"embeddable":true,"href":"https:\/\/wgphoto.pl\/t\/index.php?rest_route=%2Fwp%2Fv2%2Fcomments&post=3145"}],"version-history":[{"count":1,"href":"https:\/\/wgphoto.pl\/t\/index.php?rest_route=\/wp\/v2\/posts\/3145\/revisions"}],"predecessor-version":[{"id":3147,"href":"https:\/\/wgphoto.pl\/t\/index.php?rest_route=\/wp\/v2\/posts\/3145\/revisions\/3147"}],"wp:featuredmedia":[{"embeddable":true,"href":"https:\/\/wgphoto.pl\/t\/index.php?rest_route=\/wp\/v2\/media\/3146"}],"wp:attachment":[{"href":"https:\/\/wgphoto.pl\/t\/index.php?rest_route=%2Fwp%2Fv2%2Fmedia&parent=3145"}],"wp:term":[{"taxonomy":"category","embeddable":true,"href":"https:\/\/wgphoto.pl\/t\/index.php?rest_route=%2Fwp%2Fv2%2Fcategories&post=3145"},{"taxonomy":"post_tag","embeddable":true,"href":"https:\/\/wgphoto.pl\/t\/index.php?rest_route=%2Fwp%2Fv2%2Ftags&post=3145"}],"curies":[{"name":"wp","href":"https:\/\/api.w.org\/{rel}","templated":true}]}}