{"id":3151,"date":"2024-10-20T12:58:53","date_gmt":"2024-10-20T10:58:53","guid":{"rendered":"https:\/\/wgphoto.pl\/t\/?p=3151"},"modified":"2024-10-20T12:58:53","modified_gmt":"2024-10-20T10:58:53","slug":"petla-w-zajezdni","status":"publish","type":"post","link":"https:\/\/wgphoto.pl\/t\/?p=3151","title":{"rendered":"P\u0119tla w zajezdni"},"content":{"rendered":"\n<figure class=\"wp-block-image aligncenter size-full\"><img loading=\"lazy\" decoding=\"async\" width=\"1200\" height=\"803\" src=\"https:\/\/wgphoto.pl\/t\/wp-content\/uploads\/2024\/10\/20180705232956_imgp3997.jpg\" alt=\"\" class=\"wp-image-3152\" srcset=\"https:\/\/wgphoto.pl\/t\/wp-content\/uploads\/2024\/10\/20180705232956_imgp3997.jpg 1200w, https:\/\/wgphoto.pl\/t\/wp-content\/uploads\/2024\/10\/20180705232956_imgp3997-300x201.jpg 300w, https:\/\/wgphoto.pl\/t\/wp-content\/uploads\/2024\/10\/20180705232956_imgp3997-768x514.jpg 768w\" sizes=\"auto, (max-width: 1200px) 100vw, 1200px\" \/><\/figure>\n\n\n\n<div class=\"wp-block-group has-global-padding is-layout-constrained wp-block-group-is-layout-constrained\">\n<p>Sk\u0142ad 030+029 wjecha\u0142 na teren zajezdni tramwajowej w Dyneburgu &#8211; tak jak to maj\u0105 w zwyczaju tramwaje linii 1 i 2, ko\u0144cz\u0105ce tras\u0119 i zawracaj\u0105ce planowo na terenie zak\u0142adu. 29.05.2013<\/p>\n<\/div>\n","protected":false},"excerpt":{"rendered":"<p>Sk\u0142ad 030+029 wjecha\u0142 na teren zajezdni tramwajowej w Dyneburgu &#8211; tak jak to maj\u0105 w zwyczaju tramwaje linii 1 i 2, ko\u0144cz\u0105ce tras\u0119 i zawracaj\u0105ce planowo na terenie zak\u0142adu. 29.05.2013<\/p>\n","protected":false},"author":1,"featured_media":3152,"comment_status":"open","ping_status":"","sticky":false,"template":"","format":"standard","meta":{"footnotes":""},"categories":[55,3],"tags":[614,612,616,56,1483,138],"class_list":["post-3151","post","type-post","status-publish","format-standard","has-post-thumbnail","hentry","category-rok-2013","category-tramwaj","tag-2013-05-29","tag-druga-majowka-2013","tag-dyneburg","tag-lotwa","tag-rvz","tag-zajezdnia"],"_links":{"self":[{"href":"https:\/\/wgphoto.pl\/t\/index.php?rest_route=\/wp\/v2\/posts\/3151","targetHints":{"allow":["GET"]}}],"collection":[{"href":"https:\/\/wgphoto.pl\/t\/index.php?rest_route=\/wp\/v2\/posts"}],"about":[{"href":"https:\/\/wgphoto.pl\/t\/index.php?rest_route=\/wp\/v2\/types\/post"}],"author":[{"embeddable":true,"href":"https:\/\/wgphoto.pl\/t\/index.php?rest_route=\/wp\/v2\/users\/1"}],"replies":[{"embeddable":true,"href":"https:\/\/wgphoto.pl\/t\/index.php?rest_route=%2Fwp%2Fv2%2Fcomments&post=3151"}],"version-history":[{"count":1,"href":"https:\/\/wgphoto.pl\/t\/index.php?rest_route=\/wp\/v2\/posts\/3151\/revisions"}],"predecessor-version":[{"id":3153,"href":"https:\/\/wgphoto.pl\/t\/index.php?rest_route=\/wp\/v2\/posts\/3151\/revisions\/3153"}],"wp:featuredmedia":[{"embeddable":true,"href":"https:\/\/wgphoto.pl\/t\/index.php?rest_route=\/wp\/v2\/media\/3152"}],"wp:attachment":[{"href":"https:\/\/wgphoto.pl\/t\/index.php?rest_route=%2Fwp%2Fv2%2Fmedia&parent=3151"}],"wp:term":[{"taxonomy":"category","embeddable":true,"href":"https:\/\/wgphoto.pl\/t\/index.php?rest_route=%2Fwp%2Fv2%2Fcategories&post=3151"},{"taxonomy":"post_tag","embeddable":true,"href":"https:\/\/wgphoto.pl\/t\/index.php?rest_route=%2Fwp%2Fv2%2Ftags&post=3151"}],"curies":[{"name":"wp","href":"https:\/\/api.w.org\/{rel}","templated":true}]}}