{"id":3191,"date":"2024-10-20T13:59:49","date_gmt":"2024-10-20T11:59:49","guid":{"rendered":"https:\/\/wgphoto.pl\/t\/?p=3191"},"modified":"2024-10-20T13:59:49","modified_gmt":"2024-10-20T11:59:49","slug":"wtopiony-w-krajobraz-2","status":"publish","type":"post","link":"https:\/\/wgphoto.pl\/t\/?p=3191","title":{"rendered":"Wtopiony w krajobraz"},"content":{"rendered":"\n<figure class=\"wp-block-image aligncenter size-full\"><img loading=\"lazy\" decoding=\"async\" width=\"1200\" height=\"803\" src=\"https:\/\/wgphoto.pl\/t\/wp-content\/uploads\/2024\/10\/IMGP3036.jpg\" alt=\"\" class=\"wp-image-3192\" srcset=\"https:\/\/wgphoto.pl\/t\/wp-content\/uploads\/2024\/10\/IMGP3036.jpg 1200w, https:\/\/wgphoto.pl\/t\/wp-content\/uploads\/2024\/10\/IMGP3036-300x201.jpg 300w, https:\/\/wgphoto.pl\/t\/wp-content\/uploads\/2024\/10\/IMGP3036-768x514.jpg 768w\" sizes=\"auto, (max-width: 1200px) 100vw, 1200px\" \/><\/figure>\n\n\n\n<div class=\"wp-block-group has-global-padding is-layout-constrained wp-block-group-is-layout-constrained\">\n<p>SU42-502 z poci\u0105giem osobowym 6720 &#8222;Szczeliniec&#8221; z Kudowy-Zdroju do Poznania G\u0142\u00f3wnego min\u0105\u0142 widoczny w tle wiadukt w Lewinie K\u0142odzkim i wspina si\u0119 do Kulina. Troch\u0119 nieporz\u0105dny i nieoczywisty kadr. 21.03.2009<\/p>\n<\/div>\n","protected":false},"excerpt":{"rendered":"<p>SU42-502 z poci\u0105giem osobowym 6720 &#8222;Szczeliniec&#8221; z Kudowy-Zdroju do Poznania G\u0142\u00f3wnego min\u0105\u0142 widoczny w tle wiadukt w Lewinie K\u0142odzkim i wspina si\u0119 do Kulina. Troch\u0119 nieporz\u0105dny i nieoczywisty kadr. 21.03.2009<\/p>\n","protected":false},"author":1,"featured_media":3192,"comment_status":"open","ping_status":"","sticky":false,"template":"","format":"standard","meta":{"footnotes":""},"categories":[2,169],"tags":[387,114,386,384,63,27,1502,250,383],"class_list":["post-3191","post","type-post","status-publish","format-standard","has-post-thumbnail","hentry","category-kolej","category-rok-2009","tag-2009-03-21","tag-gory","tag-kulin-klodzki","tag-lewin-klodzki","tag-pkp","tag-polska","tag-przewozy-regionalne","tag-su42","tag-tab-pl230"],"_links":{"self":[{"href":"https:\/\/wgphoto.pl\/t\/index.php?rest_route=\/wp\/v2\/posts\/3191","targetHints":{"allow":["GET"]}}],"collection":[{"href":"https:\/\/wgphoto.pl\/t\/index.php?rest_route=\/wp\/v2\/posts"}],"about":[{"href":"https:\/\/wgphoto.pl\/t\/index.php?rest_route=\/wp\/v2\/types\/post"}],"author":[{"embeddable":true,"href":"https:\/\/wgphoto.pl\/t\/index.php?rest_route=\/wp\/v2\/users\/1"}],"replies":[{"embeddable":true,"href":"https:\/\/wgphoto.pl\/t\/index.php?rest_route=%2Fwp%2Fv2%2Fcomments&post=3191"}],"version-history":[{"count":1,"href":"https:\/\/wgphoto.pl\/t\/index.php?rest_route=\/wp\/v2\/posts\/3191\/revisions"}],"predecessor-version":[{"id":3193,"href":"https:\/\/wgphoto.pl\/t\/index.php?rest_route=\/wp\/v2\/posts\/3191\/revisions\/3193"}],"wp:featuredmedia":[{"embeddable":true,"href":"https:\/\/wgphoto.pl\/t\/index.php?rest_route=\/wp\/v2\/media\/3192"}],"wp:attachment":[{"href":"https:\/\/wgphoto.pl\/t\/index.php?rest_route=%2Fwp%2Fv2%2Fmedia&parent=3191"}],"wp:term":[{"taxonomy":"category","embeddable":true,"href":"https:\/\/wgphoto.pl\/t\/index.php?rest_route=%2Fwp%2Fv2%2Fcategories&post=3191"},{"taxonomy":"post_tag","embeddable":true,"href":"https:\/\/wgphoto.pl\/t\/index.php?rest_route=%2Fwp%2Fv2%2Ftags&post=3191"}],"curies":[{"name":"wp","href":"https:\/\/api.w.org\/{rel}","templated":true}]}}