{"id":3203,"date":"2024-10-20T14:08:12","date_gmt":"2024-10-20T12:08:12","guid":{"rendered":"https:\/\/wgphoto.pl\/t\/?p=3203"},"modified":"2024-10-20T14:08:12","modified_gmt":"2024-10-20T12:08:12","slug":"francja-elegancja","status":"publish","type":"post","link":"https:\/\/wgphoto.pl\/t\/?p=3203","title":{"rendered":"Francja elegancja"},"content":{"rendered":"\n<figure class=\"wp-block-image aligncenter size-full\"><img loading=\"lazy\" decoding=\"async\" width=\"1200\" height=\"795\" src=\"https:\/\/wgphoto.pl\/t\/wp-content\/uploads\/2024\/10\/IMGP7508.jpg\" alt=\"\" class=\"wp-image-3204\" srcset=\"https:\/\/wgphoto.pl\/t\/wp-content\/uploads\/2024\/10\/IMGP7508.jpg 1200w, https:\/\/wgphoto.pl\/t\/wp-content\/uploads\/2024\/10\/IMGP7508-300x199.jpg 300w, https:\/\/wgphoto.pl\/t\/wp-content\/uploads\/2024\/10\/IMGP7508-768x509.jpg 768w\" sizes=\"auto, (max-width: 1200px) 100vw, 1200px\" \/><\/figure>\n\n\n\n<div class=\"wp-block-group has-global-padding is-layout-constrained wp-block-group-is-layout-constrained\">\n<p>Besan\u00e7on, Boulevard Charles de Gaulle, przystanek Chamars. Czy\u017c ten przystanek, wtopiony w okoliczn\u0105 zabudow\u0119 ale jednocze\u015bnie wyr\u00f3\u017cniaj\u0105cy si\u0119, oraz tramwaj w jaskrawym, lecz pasuj\u0105cym do otoczenia kolorze, nie wygl\u0105daj\u0105 po prostu elegancko? 23.03.2018<\/p>\n<\/div>\n","protected":false},"excerpt":{"rendered":"<p>Besan\u00e7on, Boulevard Charles de Gaulle, przystanek Chamars. Czy\u017c ten przystanek, wtopiony w okoliczn\u0105 zabudow\u0119 ale jednocze\u015bnie wyr\u00f3\u017cniaj\u0105cy si\u0119, oraz tramwaj w jaskrawym, lecz pasuj\u0105cym do otoczenia kolorze, nie wygl\u0105daj\u0105 po prostu elegancko? 23.03.2018<\/p>\n","protected":false},"author":1,"featured_media":3204,"comment_status":"open","ping_status":"","sticky":false,"template":"","format":"standard","meta":{"footnotes":""},"categories":[156,3],"tags":[1509,1507,157,415,1508,183],"class_list":["post-3203","post","type-post","status-publish","format-standard","has-post-thumbnail","hentry","category-rok-2018","category-tramwaj","tag-2018-03-23","tag-besancon","tag-caf-urbos","tag-francja","tag-mobilites-besancon","tag-suissetrip-2018"],"_links":{"self":[{"href":"https:\/\/wgphoto.pl\/t\/index.php?rest_route=\/wp\/v2\/posts\/3203","targetHints":{"allow":["GET"]}}],"collection":[{"href":"https:\/\/wgphoto.pl\/t\/index.php?rest_route=\/wp\/v2\/posts"}],"about":[{"href":"https:\/\/wgphoto.pl\/t\/index.php?rest_route=\/wp\/v2\/types\/post"}],"author":[{"embeddable":true,"href":"https:\/\/wgphoto.pl\/t\/index.php?rest_route=\/wp\/v2\/users\/1"}],"replies":[{"embeddable":true,"href":"https:\/\/wgphoto.pl\/t\/index.php?rest_route=%2Fwp%2Fv2%2Fcomments&post=3203"}],"version-history":[{"count":1,"href":"https:\/\/wgphoto.pl\/t\/index.php?rest_route=\/wp\/v2\/posts\/3203\/revisions"}],"predecessor-version":[{"id":3205,"href":"https:\/\/wgphoto.pl\/t\/index.php?rest_route=\/wp\/v2\/posts\/3203\/revisions\/3205"}],"wp:featuredmedia":[{"embeddable":true,"href":"https:\/\/wgphoto.pl\/t\/index.php?rest_route=\/wp\/v2\/media\/3204"}],"wp:attachment":[{"href":"https:\/\/wgphoto.pl\/t\/index.php?rest_route=%2Fwp%2Fv2%2Fmedia&parent=3203"}],"wp:term":[{"taxonomy":"category","embeddable":true,"href":"https:\/\/wgphoto.pl\/t\/index.php?rest_route=%2Fwp%2Fv2%2Fcategories&post=3203"},{"taxonomy":"post_tag","embeddable":true,"href":"https:\/\/wgphoto.pl\/t\/index.php?rest_route=%2Fwp%2Fv2%2Ftags&post=3203"}],"curies":[{"name":"wp","href":"https:\/\/api.w.org\/{rel}","templated":true}]}}