{"id":3251,"date":"2024-10-20T18:02:08","date_gmt":"2024-10-20T16:02:08","guid":{"rendered":"https:\/\/wgphoto.pl\/t\/?p=3251"},"modified":"2024-10-20T18:02:22","modified_gmt":"2024-10-20T16:02:22","slug":"3251","status":"publish","type":"post","link":"https:\/\/wgphoto.pl\/t\/?p=3251","title":{"rendered":"Tatra nad Ba\u0142tykiem"},"content":{"rendered":"\n<figure class=\"wp-block-image aligncenter size-full\"><img loading=\"lazy\" decoding=\"async\" width=\"1400\" height=\"937\" src=\"https:\/\/wgphoto.pl\/t\/wp-content\/uploads\/2024\/10\/IMGP3740.jpg\" alt=\"\" class=\"wp-image-3252\" srcset=\"https:\/\/wgphoto.pl\/t\/wp-content\/uploads\/2024\/10\/IMGP3740.jpg 1400w, https:\/\/wgphoto.pl\/t\/wp-content\/uploads\/2024\/10\/IMGP3740-300x201.jpg 300w, https:\/\/wgphoto.pl\/t\/wp-content\/uploads\/2024\/10\/IMGP3740-768x514.jpg 768w\" sizes=\"auto, (max-width: 1400px) 100vw, 1400px\" \/><\/figure>\n\n\n\n<div class=\"wp-block-group has-global-padding is-layout-constrained wp-block-group-is-layout-constrained\">\n<p>Tallinn, Kopli. KT4SU 100 (jedna z oryginalnie dostarczonych do Estonii, rocznik 1986) wyje\u017cd\u017ca z zajezdni po\u0142o\u017conej nieopodal brzegu Morza Ba\u0142tyckiego do obs\u0142ugi jednej ze szczytowych brygad linii 1. 28.05.2013<\/p>\n<\/div>\n","protected":false},"excerpt":{"rendered":"<p>Tallinn, Kopli. KT4SU 100 (jedna z oryginalnie dostarczonych do Estonii, rocznik 1986) wyje\u017cd\u017ca z zajezdni po\u0142o\u017conej nieopodal brzegu Morza Ba\u0142tyckiego do obs\u0142ugi jednej ze szczytowych brygad linii 1. 28.05.2013<\/p>\n","protected":false},"author":1,"featured_media":3252,"comment_status":"open","ping_status":"","sticky":false,"template":"","format":"standard","meta":{"footnotes":""},"categories":[55,3],"tags":[1134,612,1131,116,1132,33,1133],"class_list":["post-3251","post","type-post","status-publish","format-standard","has-post-thumbnail","hentry","category-rok-2013","category-tramwaj","tag-2013-05-28","tag-druga-majowka-2013","tag-estonia","tag-morze","tag-tallinn","tag-tatra-kt4","tag-tlt-tallinn"],"_links":{"self":[{"href":"https:\/\/wgphoto.pl\/t\/index.php?rest_route=\/wp\/v2\/posts\/3251","targetHints":{"allow":["GET"]}}],"collection":[{"href":"https:\/\/wgphoto.pl\/t\/index.php?rest_route=\/wp\/v2\/posts"}],"about":[{"href":"https:\/\/wgphoto.pl\/t\/index.php?rest_route=\/wp\/v2\/types\/post"}],"author":[{"embeddable":true,"href":"https:\/\/wgphoto.pl\/t\/index.php?rest_route=\/wp\/v2\/users\/1"}],"replies":[{"embeddable":true,"href":"https:\/\/wgphoto.pl\/t\/index.php?rest_route=%2Fwp%2Fv2%2Fcomments&post=3251"}],"version-history":[{"count":2,"href":"https:\/\/wgphoto.pl\/t\/index.php?rest_route=\/wp\/v2\/posts\/3251\/revisions"}],"predecessor-version":[{"id":3254,"href":"https:\/\/wgphoto.pl\/t\/index.php?rest_route=\/wp\/v2\/posts\/3251\/revisions\/3254"}],"wp:featuredmedia":[{"embeddable":true,"href":"https:\/\/wgphoto.pl\/t\/index.php?rest_route=\/wp\/v2\/media\/3252"}],"wp:attachment":[{"href":"https:\/\/wgphoto.pl\/t\/index.php?rest_route=%2Fwp%2Fv2%2Fmedia&parent=3251"}],"wp:term":[{"taxonomy":"category","embeddable":true,"href":"https:\/\/wgphoto.pl\/t\/index.php?rest_route=%2Fwp%2Fv2%2Fcategories&post=3251"},{"taxonomy":"post_tag","embeddable":true,"href":"https:\/\/wgphoto.pl\/t\/index.php?rest_route=%2Fwp%2Fv2%2Ftags&post=3251"}],"curies":[{"name":"wp","href":"https:\/\/api.w.org\/{rel}","templated":true}]}}