{"id":3267,"date":"2024-10-20T21:26:27","date_gmt":"2024-10-20T19:26:27","guid":{"rendered":"https:\/\/wgphoto.pl\/t\/?p=3267"},"modified":"2024-10-20T21:26:27","modified_gmt":"2024-10-20T19:26:27","slug":"rozjazd-krzyzowy","status":"publish","type":"post","link":"https:\/\/wgphoto.pl\/t\/?p=3267","title":{"rendered":"Rozjazd krzy\u017cowy"},"content":{"rendered":"\n<figure class=\"wp-block-image aligncenter size-full\"><img loading=\"lazy\" decoding=\"async\" width=\"1050\" height=\"700\" src=\"https:\/\/wgphoto.pl\/t\/wp-content\/uploads\/2024\/10\/0725-30a.jpg\" alt=\"\" class=\"wp-image-3268\" srcset=\"https:\/\/wgphoto.pl\/t\/wp-content\/uploads\/2024\/10\/0725-30a.jpg 1050w, https:\/\/wgphoto.pl\/t\/wp-content\/uploads\/2024\/10\/0725-30a-300x200.jpg 300w, https:\/\/wgphoto.pl\/t\/wp-content\/uploads\/2024\/10\/0725-30a-768x512.jpg 768w\" sizes=\"auto, (max-width: 1050px) 100vw, 1050px\" \/><\/figure>\n\n\n\n<div class=\"wp-block-group has-global-padding is-layout-constrained wp-block-group-is-layout-constrained\">\n<p>W kierunku peron\u00f3w Wroc\u0142awia \u015awiebidzkiego nic ju\u017c nie je\u017adzi. Na zdj\u0119ciu: spojrzenie spod wiaduktu linii pozna\u0144skiej na nastawni\u0119 WS1 oraz rzadko spotykany rozjazd krzy\u017cowy podw\u00f3jny z iglicami na zewn\u0105trz krzy\u017cownic. 31.08.2007<\/p>\n<\/div>\n","protected":false},"excerpt":{"rendered":"<p>W kierunku peron\u00f3w Wroc\u0142awia \u015awiebidzkiego nic ju\u017c nie je\u017adzi. Na zdj\u0119ciu: spojrzenie spod wiaduktu linii pozna\u0144skiej na nastawni\u0119 WS1 oraz rzadko spotykany rozjazd krzy\u017cowy podw\u00f3jny z iglicami na zewn\u0105trz krzy\u017cownic. 31.08.2007<\/p>\n","protected":false},"author":1,"featured_media":3268,"comment_status":"open","ping_status":"","sticky":false,"template":"","format":"standard","meta":{"footnotes":""},"categories":[62,2,96],"tags":[1516,27,1510,473,41,1515],"class_list":["post-3267","post","type-post","status-publish","format-standard","has-post-thumbnail","hentry","category-analog","category-kolej","category-rok-2007","tag-2007-08-31","tag-polska","tag-skany-z-odrzanskiej","tag-sm42","tag-wroclaw","tag-wroclaw-swiebodzki"],"_links":{"self":[{"href":"https:\/\/wgphoto.pl\/t\/index.php?rest_route=\/wp\/v2\/posts\/3267","targetHints":{"allow":["GET"]}}],"collection":[{"href":"https:\/\/wgphoto.pl\/t\/index.php?rest_route=\/wp\/v2\/posts"}],"about":[{"href":"https:\/\/wgphoto.pl\/t\/index.php?rest_route=\/wp\/v2\/types\/post"}],"author":[{"embeddable":true,"href":"https:\/\/wgphoto.pl\/t\/index.php?rest_route=\/wp\/v2\/users\/1"}],"replies":[{"embeddable":true,"href":"https:\/\/wgphoto.pl\/t\/index.php?rest_route=%2Fwp%2Fv2%2Fcomments&post=3267"}],"version-history":[{"count":1,"href":"https:\/\/wgphoto.pl\/t\/index.php?rest_route=\/wp\/v2\/posts\/3267\/revisions"}],"predecessor-version":[{"id":3269,"href":"https:\/\/wgphoto.pl\/t\/index.php?rest_route=\/wp\/v2\/posts\/3267\/revisions\/3269"}],"wp:featuredmedia":[{"embeddable":true,"href":"https:\/\/wgphoto.pl\/t\/index.php?rest_route=\/wp\/v2\/media\/3268"}],"wp:attachment":[{"href":"https:\/\/wgphoto.pl\/t\/index.php?rest_route=%2Fwp%2Fv2%2Fmedia&parent=3267"}],"wp:term":[{"taxonomy":"category","embeddable":true,"href":"https:\/\/wgphoto.pl\/t\/index.php?rest_route=%2Fwp%2Fv2%2Fcategories&post=3267"},{"taxonomy":"post_tag","embeddable":true,"href":"https:\/\/wgphoto.pl\/t\/index.php?rest_route=%2Fwp%2Fv2%2Ftags&post=3267"}],"curies":[{"name":"wp","href":"https:\/\/api.w.org\/{rel}","templated":true}]}}