{"id":3277,"date":"2024-10-21T19:30:17","date_gmt":"2024-10-21T17:30:17","guid":{"rendered":"https:\/\/wgphoto.pl\/t\/?p=3277"},"modified":"2024-10-21T19:30:17","modified_gmt":"2024-10-21T17:30:17","slug":"445-m-n-p-m","status":"publish","type":"post","link":"https:\/\/wgphoto.pl\/t\/?p=3277","title":{"rendered":"445 m n.p.m."},"content":{"rendered":"\n<figure class=\"wp-block-image aligncenter size-full\"><img loading=\"lazy\" decoding=\"async\" width=\"1200\" height=\"803\" src=\"https:\/\/wgphoto.pl\/t\/wp-content\/uploads\/2024\/10\/IMGP9208-1.jpg\" alt=\"\" class=\"wp-image-3279\" srcset=\"https:\/\/wgphoto.pl\/t\/wp-content\/uploads\/2024\/10\/IMGP9208-1.jpg 1200w, https:\/\/wgphoto.pl\/t\/wp-content\/uploads\/2024\/10\/IMGP9208-1-300x201.jpg 300w, https:\/\/wgphoto.pl\/t\/wp-content\/uploads\/2024\/10\/IMGP9208-1-768x514.jpg 768w\" sizes=\"auto, (max-width: 1200px) 100vw, 1200px\" \/><\/figure>\n\n\n\n<div class=\"wp-block-group has-global-padding is-layout-constrained wp-block-group-is-layout-constrained\">\n<p>810 343-4 przyby\u0142 do Jablonce nad Jizerou jako poci\u0105g osobowy 15512 z Martinic v Krkono\u0161\u00edch. Podr\u00f3\u017cuj\u0105c t\u0105 tras\u0105 teoretycznie &#8222;w g\u00f3r\u0119&#8221;, czyli od g\u0142\u00f3wnej linii w kierunku p\u00f3\u0142nocnym &#8211; w g\u00f3ry, tak naprawd\u0119 zje\u017cd\u017camy w d\u00f3\u0142, w porywach nawet 95 metr\u00f3w, natomiast ko\u0144cowa stacja (Rokytnice nad Jizerou, dok\u0105d doje\u017cd\u017ca tylko jedna para poci\u0105g\u00f3w) le\u017cy 30 m poni\u017cej Martinic v Krk. 06.09.2009<\/p>\n<\/div>\n","protected":false},"excerpt":{"rendered":"<p>810 343-4 przyby\u0142 do Jablonce nad Jizerou jako poci\u0105g osobowy 15512 z Martinic v Krkono\u0161\u00edch. Podr\u00f3\u017cuj\u0105c t\u0105 tras\u0105 teoretycznie &#8222;w g\u00f3r\u0119&#8221;, czyli od g\u0142\u00f3wnej linii w kierunku p\u00f3\u0142nocnym &#8211; w g\u00f3ry, tak naprawd\u0119 zje\u017cd\u017camy w d\u00f3\u0142, w porywach nawet 95 metr\u00f3w, natomiast ko\u0144cowa stacja (Rokytnice nad Jizerou, dok\u0105d doje\u017cd\u017ca tylko jedna para poci\u0105g\u00f3w) le\u017cy 30 [&hellip;]<\/p>\n","protected":false},"author":1,"featured_media":3279,"comment_status":"open","ping_status":"","sticky":false,"template":"","format":"standard","meta":{"footnotes":""},"categories":[2,169],"tags":[870,92,50,49,1519,94,1520],"class_list":["post-3277","post","type-post","status-publish","format-standard","has-post-thumbnail","hentry","category-kolej","category-rok-2009","tag-2009-09-06","tag-92","tag-cd","tag-czechy","tag-jablonec-nad-jizerou","tag-na-kolejowym-koncu-swiata","tag-tab-cz042"],"_links":{"self":[{"href":"https:\/\/wgphoto.pl\/t\/index.php?rest_route=\/wp\/v2\/posts\/3277","targetHints":{"allow":["GET"]}}],"collection":[{"href":"https:\/\/wgphoto.pl\/t\/index.php?rest_route=\/wp\/v2\/posts"}],"about":[{"href":"https:\/\/wgphoto.pl\/t\/index.php?rest_route=\/wp\/v2\/types\/post"}],"author":[{"embeddable":true,"href":"https:\/\/wgphoto.pl\/t\/index.php?rest_route=\/wp\/v2\/users\/1"}],"replies":[{"embeddable":true,"href":"https:\/\/wgphoto.pl\/t\/index.php?rest_route=%2Fwp%2Fv2%2Fcomments&post=3277"}],"version-history":[{"count":1,"href":"https:\/\/wgphoto.pl\/t\/index.php?rest_route=\/wp\/v2\/posts\/3277\/revisions"}],"predecessor-version":[{"id":3280,"href":"https:\/\/wgphoto.pl\/t\/index.php?rest_route=\/wp\/v2\/posts\/3277\/revisions\/3280"}],"wp:featuredmedia":[{"embeddable":true,"href":"https:\/\/wgphoto.pl\/t\/index.php?rest_route=\/wp\/v2\/media\/3279"}],"wp:attachment":[{"href":"https:\/\/wgphoto.pl\/t\/index.php?rest_route=%2Fwp%2Fv2%2Fmedia&parent=3277"}],"wp:term":[{"taxonomy":"category","embeddable":true,"href":"https:\/\/wgphoto.pl\/t\/index.php?rest_route=%2Fwp%2Fv2%2Fcategories&post=3277"},{"taxonomy":"post_tag","embeddable":true,"href":"https:\/\/wgphoto.pl\/t\/index.php?rest_route=%2Fwp%2Fv2%2Ftags&post=3277"}],"curies":[{"name":"wp","href":"https:\/\/api.w.org\/{rel}","templated":true}]}}