{"id":3308,"date":"2024-10-21T19:41:21","date_gmt":"2024-10-21T17:41:21","guid":{"rendered":"https:\/\/wgphoto.pl\/t\/?p=3308"},"modified":"2024-10-21T19:41:21","modified_gmt":"2024-10-21T17:41:21","slug":"a-jednak-istnieje","status":"publish","type":"post","link":"https:\/\/wgphoto.pl\/t\/?p=3308","title":{"rendered":"A jednak istnieje"},"content":{"rendered":"\n<figure class=\"wp-block-image aligncenter size-full\"><img loading=\"lazy\" decoding=\"async\" width=\"1200\" height=\"795\" src=\"https:\/\/wgphoto.pl\/t\/wp-content\/uploads\/2024\/10\/IMGP3279.jpg\" alt=\"\" class=\"wp-image-3309\" srcset=\"https:\/\/wgphoto.pl\/t\/wp-content\/uploads\/2024\/10\/IMGP3279.jpg 1200w, https:\/\/wgphoto.pl\/t\/wp-content\/uploads\/2024\/10\/IMGP3279-300x199.jpg 300w, https:\/\/wgphoto.pl\/t\/wp-content\/uploads\/2024\/10\/IMGP3279-768x509.jpg 768w\" sizes=\"auto, (max-width: 1200px) 100vw, 1200px\" \/><\/figure>\n\n\n\n<div class=\"wp-block-group has-global-padding is-layout-constrained wp-block-group-is-layout-constrained\">\n<p>Chemnitz, Wladimir-Sagorski-Stra\u00dfe. Skoro nawet w Niemczech wyst\u0119puje pasteloza, pora porzuci\u0107 wszelk\u0105 nadziej\u0119. 22.09.2017<\/p>\n<\/div>\n","protected":false},"excerpt":{"rendered":"<p>Chemnitz, Wladimir-Sagorski-Stra\u00dfe. Skoro nawet w Niemczech wyst\u0119puje pasteloza, pora porzuci\u0107 wszelk\u0105 nadziej\u0119. 22.09.2017<\/p>\n","protected":false},"author":1,"featured_media":3309,"comment_status":"open","ping_status":"","sticky":false,"template":"","format":"standard","meta":{"footnotes":""},"categories":[368,3],"tags":[1525,732,730,126,23,118,726],"class_list":["post-3308","post","type-post","status-publish","format-standard","has-post-thumbnail","hentry","category-rok-2017","category-tramwaj","tag-2017-09-22","tag-chemnitz","tag-cvag-chemnitz","tag-jesien","tag-niemcy","tag-plany-i-profile","tag-variobahn"],"_links":{"self":[{"href":"https:\/\/wgphoto.pl\/t\/index.php?rest_route=\/wp\/v2\/posts\/3308","targetHints":{"allow":["GET"]}}],"collection":[{"href":"https:\/\/wgphoto.pl\/t\/index.php?rest_route=\/wp\/v2\/posts"}],"about":[{"href":"https:\/\/wgphoto.pl\/t\/index.php?rest_route=\/wp\/v2\/types\/post"}],"author":[{"embeddable":true,"href":"https:\/\/wgphoto.pl\/t\/index.php?rest_route=\/wp\/v2\/users\/1"}],"replies":[{"embeddable":true,"href":"https:\/\/wgphoto.pl\/t\/index.php?rest_route=%2Fwp%2Fv2%2Fcomments&post=3308"}],"version-history":[{"count":1,"href":"https:\/\/wgphoto.pl\/t\/index.php?rest_route=\/wp\/v2\/posts\/3308\/revisions"}],"predecessor-version":[{"id":3310,"href":"https:\/\/wgphoto.pl\/t\/index.php?rest_route=\/wp\/v2\/posts\/3308\/revisions\/3310"}],"wp:featuredmedia":[{"embeddable":true,"href":"https:\/\/wgphoto.pl\/t\/index.php?rest_route=\/wp\/v2\/media\/3309"}],"wp:attachment":[{"href":"https:\/\/wgphoto.pl\/t\/index.php?rest_route=%2Fwp%2Fv2%2Fmedia&parent=3308"}],"wp:term":[{"taxonomy":"category","embeddable":true,"href":"https:\/\/wgphoto.pl\/t\/index.php?rest_route=%2Fwp%2Fv2%2Fcategories&post=3308"},{"taxonomy":"post_tag","embeddable":true,"href":"https:\/\/wgphoto.pl\/t\/index.php?rest_route=%2Fwp%2Fv2%2Ftags&post=3308"}],"curies":[{"name":"wp","href":"https:\/\/api.w.org\/{rel}","templated":true}]}}