{"id":3353,"date":"2024-10-21T19:59:04","date_gmt":"2024-10-21T17:59:04","guid":{"rendered":"https:\/\/wgphoto.pl\/t\/?p=3353"},"modified":"2024-10-21T19:59:04","modified_gmt":"2024-10-21T17:59:04","slug":"krzyz-panski","status":"publish","type":"post","link":"https:\/\/wgphoto.pl\/t\/?p=3353","title":{"rendered":"Krzy\u017c Pa\u0144ski"},"content":{"rendered":"\n<figure class=\"wp-block-image aligncenter size-full\"><img loading=\"lazy\" decoding=\"async\" width=\"750\" height=\"1000\" src=\"https:\/\/wgphoto.pl\/t\/wp-content\/uploads\/2024\/10\/IMGP0446.jpg\" alt=\"\" class=\"wp-image-3354\" srcset=\"https:\/\/wgphoto.pl\/t\/wp-content\/uploads\/2024\/10\/IMGP0446.jpg 750w, https:\/\/wgphoto.pl\/t\/wp-content\/uploads\/2024\/10\/IMGP0446-225x300.jpg 225w\" sizes=\"auto, (max-width: 750px) 100vw, 750px\" \/><\/figure>\n\n\n\n<div class=\"wp-block-group has-global-padding is-layout-constrained wp-block-group-is-layout-constrained\">\n<p>Santa Cruz de Tenerife, Avenida Islas Canarias, przystanek <em>Cruz del Se\u00f1or<\/em>, bior\u0105cy sw\u0105 nazw\u0119 od pobliskiego ko\u015bcio\u0142a. Tramwaj wspi\u0105\u0142 si\u0119 ju\u017c prawie 150 metr\u00f3w ponad poziom morza, co pozwala ju\u017c spojrze\u0107 na bezkres oceanu. 05.11.2013<\/p>\n<\/div>\n","protected":false},"excerpt":{"rendered":"<p>Santa Cruz de Tenerife, Avenida Islas Canarias, przystanek Cruz del Se\u00f1or, bior\u0105cy sw\u0105 nazw\u0119 od pobliskiego ko\u015bcio\u0142a. Tramwaj wspi\u0105\u0142 si\u0119 ju\u017c prawie 150 metr\u00f3w ponad poziom morza, co pozwala ju\u017c spojrze\u0107 na bezkres oceanu. 05.11.2013<\/p>\n","protected":false},"author":1,"featured_media":3354,"comment_status":"open","ping_status":"","sticky":false,"template":"","format":"standard","meta":{"footnotes":""},"categories":[128,55,3],"tags":[1537,170,159,171,116,172],"class_list":["post-3353","post","type-post","status-publish","format-standard","has-post-thumbnail","hentry","category-pionowe","category-rok-2013","category-tramwaj","tag-2013-11-05","tag-alstom-citadis302","tag-hiszpania","tag-metropolitano-de-tenerife","tag-morze","tag-santa-cruz-de-tenerife"],"_links":{"self":[{"href":"https:\/\/wgphoto.pl\/t\/index.php?rest_route=\/wp\/v2\/posts\/3353","targetHints":{"allow":["GET"]}}],"collection":[{"href":"https:\/\/wgphoto.pl\/t\/index.php?rest_route=\/wp\/v2\/posts"}],"about":[{"href":"https:\/\/wgphoto.pl\/t\/index.php?rest_route=\/wp\/v2\/types\/post"}],"author":[{"embeddable":true,"href":"https:\/\/wgphoto.pl\/t\/index.php?rest_route=\/wp\/v2\/users\/1"}],"replies":[{"embeddable":true,"href":"https:\/\/wgphoto.pl\/t\/index.php?rest_route=%2Fwp%2Fv2%2Fcomments&post=3353"}],"version-history":[{"count":1,"href":"https:\/\/wgphoto.pl\/t\/index.php?rest_route=\/wp\/v2\/posts\/3353\/revisions"}],"predecessor-version":[{"id":3355,"href":"https:\/\/wgphoto.pl\/t\/index.php?rest_route=\/wp\/v2\/posts\/3353\/revisions\/3355"}],"wp:featuredmedia":[{"embeddable":true,"href":"https:\/\/wgphoto.pl\/t\/index.php?rest_route=\/wp\/v2\/media\/3354"}],"wp:attachment":[{"href":"https:\/\/wgphoto.pl\/t\/index.php?rest_route=%2Fwp%2Fv2%2Fmedia&parent=3353"}],"wp:term":[{"taxonomy":"category","embeddable":true,"href":"https:\/\/wgphoto.pl\/t\/index.php?rest_route=%2Fwp%2Fv2%2Fcategories&post=3353"},{"taxonomy":"post_tag","embeddable":true,"href":"https:\/\/wgphoto.pl\/t\/index.php?rest_route=%2Fwp%2Fv2%2Ftags&post=3353"}],"curies":[{"name":"wp","href":"https:\/\/api.w.org\/{rel}","templated":true}]}}