{"id":3392,"date":"2024-10-21T20:14:02","date_gmt":"2024-10-21T18:14:02","guid":{"rendered":"https:\/\/wgphoto.pl\/t\/?p=3392"},"modified":"2024-10-21T20:14:02","modified_gmt":"2024-10-21T18:14:02","slug":"skalnica","status":"publish","type":"post","link":"https:\/\/wgphoto.pl\/t\/?p=3392","title":{"rendered":"Skalnica"},"content":{"rendered":"\n<figure class=\"wp-block-image aligncenter size-full\"><img loading=\"lazy\" decoding=\"async\" width=\"1200\" height=\"800\" src=\"https:\/\/wgphoto.pl\/t\/wp-content\/uploads\/2024\/10\/0329-36.jpg\" alt=\"\" class=\"wp-image-3393\" srcset=\"https:\/\/wgphoto.pl\/t\/wp-content\/uploads\/2024\/10\/0329-36.jpg 1200w, https:\/\/wgphoto.pl\/t\/wp-content\/uploads\/2024\/10\/0329-36-300x200.jpg 300w, https:\/\/wgphoto.pl\/t\/wp-content\/uploads\/2024\/10\/0329-36-768x512.jpg 768w\" sizes=\"auto, (max-width: 1200px) 100vw, 1200px\" \/><\/figure>\n\n\n\n<div class=\"wp-block-group has-global-padding is-layout-constrained wp-block-group-is-layout-constrained\">\n<p>ED72-013 z ZPR Krak\u00f3w jako mi\u0119dzynarodowy poci\u0105g pospieszny 34009 &#8222;Skalnica&#8221; z Krakowa G\u0142. do \u017byliny zatrzymuje si\u0119 na dworcu g\u0142\u00f3wnym w Bielsku-Bia\u0142ej. 04.08.2003<\/p>\n<\/div>\n","protected":false},"excerpt":{"rendered":"<p>ED72-013 z ZPR Krak\u00f3w jako mi\u0119dzynarodowy poci\u0105g pospieszny 34009 &#8222;Skalnica&#8221; z Krakowa G\u0142. do \u017byliny zatrzymuje si\u0119 na dworcu g\u0142\u00f3wnym w Bielsku-Bia\u0142ej. 04.08.2003<\/p>\n","protected":false},"author":1,"featured_media":3393,"comment_status":"open","ping_status":"","sticky":false,"template":"","format":"standard","meta":{"footnotes":""},"categories":[62,2,149],"tags":[1547,1546,313,743,151,24,63,27,807],"class_list":["post-3392","post","type-post","status-publish","format-standard","has-post-thumbnail","hentry","category-analog","category-kolej","category-rok-2003","tag-2003-08-04","tag-bielsko-biala-glowna","tag-dyzurny","tag-ed72","tag-ludzie","tag-perony","tag-pkp","tag-polska","tag-tab-pl151"],"_links":{"self":[{"href":"https:\/\/wgphoto.pl\/t\/index.php?rest_route=\/wp\/v2\/posts\/3392","targetHints":{"allow":["GET"]}}],"collection":[{"href":"https:\/\/wgphoto.pl\/t\/index.php?rest_route=\/wp\/v2\/posts"}],"about":[{"href":"https:\/\/wgphoto.pl\/t\/index.php?rest_route=\/wp\/v2\/types\/post"}],"author":[{"embeddable":true,"href":"https:\/\/wgphoto.pl\/t\/index.php?rest_route=\/wp\/v2\/users\/1"}],"replies":[{"embeddable":true,"href":"https:\/\/wgphoto.pl\/t\/index.php?rest_route=%2Fwp%2Fv2%2Fcomments&post=3392"}],"version-history":[{"count":1,"href":"https:\/\/wgphoto.pl\/t\/index.php?rest_route=\/wp\/v2\/posts\/3392\/revisions"}],"predecessor-version":[{"id":3394,"href":"https:\/\/wgphoto.pl\/t\/index.php?rest_route=\/wp\/v2\/posts\/3392\/revisions\/3394"}],"wp:featuredmedia":[{"embeddable":true,"href":"https:\/\/wgphoto.pl\/t\/index.php?rest_route=\/wp\/v2\/media\/3393"}],"wp:attachment":[{"href":"https:\/\/wgphoto.pl\/t\/index.php?rest_route=%2Fwp%2Fv2%2Fmedia&parent=3392"}],"wp:term":[{"taxonomy":"category","embeddable":true,"href":"https:\/\/wgphoto.pl\/t\/index.php?rest_route=%2Fwp%2Fv2%2Fcategories&post=3392"},{"taxonomy":"post_tag","embeddable":true,"href":"https:\/\/wgphoto.pl\/t\/index.php?rest_route=%2Fwp%2Fv2%2Ftags&post=3392"}],"curies":[{"name":"wp","href":"https:\/\/api.w.org\/{rel}","templated":true}]}}