{"id":3398,"date":"2024-10-21T20:16:33","date_gmt":"2024-10-21T18:16:33","guid":{"rendered":"https:\/\/wgphoto.pl\/t\/?p=3398"},"modified":"2024-10-21T20:16:33","modified_gmt":"2024-10-21T18:16:33","slug":"hradec-z-palacem-na-wzgorzu","status":"publish","type":"post","link":"https:\/\/wgphoto.pl\/t\/?p=3398","title":{"rendered":"Hradec z pa\u0142acem na wzg\u00f3rzu"},"content":{"rendered":"\n<figure class=\"wp-block-image aligncenter size-full\"><img loading=\"lazy\" decoding=\"async\" width=\"1200\" height=\"803\" src=\"https:\/\/wgphoto.pl\/t\/wp-content\/uploads\/2024\/10\/IMGP7254-1.jpg\" alt=\"\" class=\"wp-image-3399\" srcset=\"https:\/\/wgphoto.pl\/t\/wp-content\/uploads\/2024\/10\/IMGP7254-1.jpg 1200w, https:\/\/wgphoto.pl\/t\/wp-content\/uploads\/2024\/10\/IMGP7254-1-300x201.jpg 300w, https:\/\/wgphoto.pl\/t\/wp-content\/uploads\/2024\/10\/IMGP7254-1-768x514.jpg 768w\" sizes=\"auto, (max-width: 1200px) 100vw, 1200px\" \/><\/figure>\n\n\n\n<div class=\"wp-block-group has-global-padding is-layout-constrained wp-block-group-is-layout-constrained\">\n<p>Hradec nad Moravic\u00ed jest ko\u0144cow\u0105 stacj\u0105 8-kilometrowej linii z Opavy, w\u0142\u0105czonej pod symbolem S13 w sk\u0142ad podmiejskich po\u0142\u0105cze\u0144 wok\u00f3\u0142 Ostrawy. Poci\u0105gi bez obs\u0142ugi konduktorskiej &#8211; o czym \u015bwiadczy symbol oka umieszczony za szyb\u0105 &#8211; dociera\u0142y tam w\u00f3wczas regularnie co godzin\u0119 od godz. 5 do 22 (w soboty od 6 a w niedzie od 7). Obecnie rozk\u0142ad jazdy jest jednakowy, z tym \u017ce wi\u0119kszo\u015b\u0107 kurs\u00f3w wykonuj\u0105 pojazdy niskowej\u015bciowe, zapewne Regionovy. 19.07.2009<\/p>\n<\/div>\n","protected":false},"excerpt":{"rendered":"<p>Hradec nad Moravic\u00ed jest ko\u0144cow\u0105 stacj\u0105 8-kilometrowej linii z Opavy, w\u0142\u0105czonej pod symbolem S13 w sk\u0142ad podmiejskich po\u0142\u0105cze\u0144 wok\u00f3\u0142 Ostrawy. Poci\u0105gi bez obs\u0142ugi konduktorskiej &#8211; o czym \u015bwiadczy symbol oka umieszczony za szyb\u0105 &#8211; dociera\u0142y tam w\u00f3wczas regularnie co godzin\u0119 od godz. 5 do 22 (w soboty od 6 a w niedzie od 7). Obecnie [&hellip;]<\/p>\n","protected":false},"author":1,"featured_media":3399,"comment_status":"open","ping_status":"","sticky":false,"template":"","format":"standard","meta":{"footnotes":""},"categories":[2,169],"tags":[1146,92,50,49,1548,94,1549],"class_list":["post-3398","post","type-post","status-publish","format-standard","has-post-thumbnail","hentry","category-kolej","category-rok-2009","tag-2009-07-19","tag-92","tag-cd","tag-czechy","tag-hradec-nad-moravici","tag-na-kolejowym-koncu-swiata","tag-tab-cz315"],"_links":{"self":[{"href":"https:\/\/wgphoto.pl\/t\/index.php?rest_route=\/wp\/v2\/posts\/3398","targetHints":{"allow":["GET"]}}],"collection":[{"href":"https:\/\/wgphoto.pl\/t\/index.php?rest_route=\/wp\/v2\/posts"}],"about":[{"href":"https:\/\/wgphoto.pl\/t\/index.php?rest_route=\/wp\/v2\/types\/post"}],"author":[{"embeddable":true,"href":"https:\/\/wgphoto.pl\/t\/index.php?rest_route=\/wp\/v2\/users\/1"}],"replies":[{"embeddable":true,"href":"https:\/\/wgphoto.pl\/t\/index.php?rest_route=%2Fwp%2Fv2%2Fcomments&post=3398"}],"version-history":[{"count":1,"href":"https:\/\/wgphoto.pl\/t\/index.php?rest_route=\/wp\/v2\/posts\/3398\/revisions"}],"predecessor-version":[{"id":3400,"href":"https:\/\/wgphoto.pl\/t\/index.php?rest_route=\/wp\/v2\/posts\/3398\/revisions\/3400"}],"wp:featuredmedia":[{"embeddable":true,"href":"https:\/\/wgphoto.pl\/t\/index.php?rest_route=\/wp\/v2\/media\/3399"}],"wp:attachment":[{"href":"https:\/\/wgphoto.pl\/t\/index.php?rest_route=%2Fwp%2Fv2%2Fmedia&parent=3398"}],"wp:term":[{"taxonomy":"category","embeddable":true,"href":"https:\/\/wgphoto.pl\/t\/index.php?rest_route=%2Fwp%2Fv2%2Fcategories&post=3398"},{"taxonomy":"post_tag","embeddable":true,"href":"https:\/\/wgphoto.pl\/t\/index.php?rest_route=%2Fwp%2Fv2%2Ftags&post=3398"}],"curies":[{"name":"wp","href":"https:\/\/api.w.org\/{rel}","templated":true}]}}