{"id":3435,"date":"2024-10-21T20:29:16","date_gmt":"2024-10-21T18:29:16","guid":{"rendered":"https:\/\/wgphoto.pl\/t\/?p=3435"},"modified":"2024-10-21T20:29:16","modified_gmt":"2024-10-21T18:29:16","slug":"szczesliwa-trzynastka","status":"publish","type":"post","link":"https:\/\/wgphoto.pl\/t\/?p=3435","title":{"rendered":"Szcz\u0119\u015bliwa trzynastka"},"content":{"rendered":"\n<figure class=\"wp-block-image aligncenter size-full\"><img loading=\"lazy\" decoding=\"async\" width=\"1200\" height=\"795\" src=\"https:\/\/wgphoto.pl\/t\/wp-content\/uploads\/2024\/10\/IMGP7332.jpg\" alt=\"\" class=\"wp-image-3436\" srcset=\"https:\/\/wgphoto.pl\/t\/wp-content\/uploads\/2024\/10\/IMGP7332.jpg 1200w, https:\/\/wgphoto.pl\/t\/wp-content\/uploads\/2024\/10\/IMGP7332-300x199.jpg 300w, https:\/\/wgphoto.pl\/t\/wp-content\/uploads\/2024\/10\/IMGP7332-768x509.jpg 768w\" sizes=\"auto, (max-width: 1200px) 100vw, 1200px\" \/><\/figure>\n\n\n\n<div class=\"wp-block-group has-global-padding is-layout-constrained wp-block-group-is-layout-constrained\">\n<p>Pozna\u0144, ul. 27 Grudnia. W tle pozosta\u0142o\u015bci po jarmarku \u015bwi\u0105tecznym na placu Wolno\u015bci, kt\u00f3re chyba przyj\u0119\u0142y si\u0119 na tyle, \u017ce wci\u0105\u017c dzia\u0142aj\u0105. 25.01.2020<\/p>\n<\/div>\n","protected":false},"excerpt":{"rendered":"<p>Pozna\u0144, ul. 27 Grudnia. W tle pozosta\u0142o\u015bci po jarmarku \u015bwi\u0105tecznym na placu Wolno\u015bci, kt\u00f3re chyba przyj\u0119\u0142y si\u0119 na tyle, \u017ce wci\u0105\u017c dzia\u0142aj\u0105. 25.01.2020<\/p>\n","protected":false},"author":1,"featured_media":3436,"comment_status":"open","ping_status":"","sticky":false,"template":"","format":"standard","meta":{"footnotes":""},"categories":[676,3],"tags":[1560,91,236,27,235,1491,1559,90],"class_list":["post-3435","post","type-post","status-publish","format-standard","has-post-thumbnail","hentry","category-rok-2020","category-tramwaj","tag-2020-01-25","tag-blue-hour","tag-mpk-poznan","tag-polska","tag-poznan","tag-swiateczne-akcenty","tag-tatra-rt6","tag-wieczorem"],"_links":{"self":[{"href":"https:\/\/wgphoto.pl\/t\/index.php?rest_route=\/wp\/v2\/posts\/3435","targetHints":{"allow":["GET"]}}],"collection":[{"href":"https:\/\/wgphoto.pl\/t\/index.php?rest_route=\/wp\/v2\/posts"}],"about":[{"href":"https:\/\/wgphoto.pl\/t\/index.php?rest_route=\/wp\/v2\/types\/post"}],"author":[{"embeddable":true,"href":"https:\/\/wgphoto.pl\/t\/index.php?rest_route=\/wp\/v2\/users\/1"}],"replies":[{"embeddable":true,"href":"https:\/\/wgphoto.pl\/t\/index.php?rest_route=%2Fwp%2Fv2%2Fcomments&post=3435"}],"version-history":[{"count":1,"href":"https:\/\/wgphoto.pl\/t\/index.php?rest_route=\/wp\/v2\/posts\/3435\/revisions"}],"predecessor-version":[{"id":3437,"href":"https:\/\/wgphoto.pl\/t\/index.php?rest_route=\/wp\/v2\/posts\/3435\/revisions\/3437"}],"wp:featuredmedia":[{"embeddable":true,"href":"https:\/\/wgphoto.pl\/t\/index.php?rest_route=\/wp\/v2\/media\/3436"}],"wp:attachment":[{"href":"https:\/\/wgphoto.pl\/t\/index.php?rest_route=%2Fwp%2Fv2%2Fmedia&parent=3435"}],"wp:term":[{"taxonomy":"category","embeddable":true,"href":"https:\/\/wgphoto.pl\/t\/index.php?rest_route=%2Fwp%2Fv2%2Fcategories&post=3435"},{"taxonomy":"post_tag","embeddable":true,"href":"https:\/\/wgphoto.pl\/t\/index.php?rest_route=%2Fwp%2Fv2%2Ftags&post=3435"}],"curies":[{"name":"wp","href":"https:\/\/api.w.org\/{rel}","templated":true}]}}