{"id":3438,"date":"2024-10-21T20:31:02","date_gmt":"2024-10-21T18:31:02","guid":{"rendered":"https:\/\/wgphoto.pl\/t\/?p=3438"},"modified":"2024-10-21T20:31:02","modified_gmt":"2024-10-21T18:31:02","slug":"dobruska","status":"publish","type":"post","link":"https:\/\/wgphoto.pl\/t\/?p=3438","title":{"rendered":"Dobru\u0161ka"},"content":{"rendered":"\n<figure class=\"wp-block-image aligncenter size-full\"><img loading=\"lazy\" decoding=\"async\" width=\"1050\" height=\"700\" src=\"https:\/\/wgphoto.pl\/t\/wp-content\/uploads\/2024\/10\/DSCF7332.jpg\" alt=\"\" class=\"wp-image-3439\" srcset=\"https:\/\/wgphoto.pl\/t\/wp-content\/uploads\/2024\/10\/DSCF7332.jpg 1050w, https:\/\/wgphoto.pl\/t\/wp-content\/uploads\/2024\/10\/DSCF7332-300x200.jpg 300w, https:\/\/wgphoto.pl\/t\/wp-content\/uploads\/2024\/10\/DSCF7332-768x512.jpg 768w\" sizes=\"auto, (max-width: 1050px) 100vw, 1050px\" \/><\/figure>\n\n\n\n<div class=\"wp-block-group has-global-padding is-layout-constrained wp-block-group-is-layout-constrained\">\n<p>810.326-9 jako jeden z siedmiu poci\u0105g\u00f3w (numer 25111) z oddalonego o 5 kilometr\u00f3w Opo\u010dna pod Orlick\u00fdmi horami sko\u0144czy\u0142 bieg. Ciekawostk\u0105 tej relacji jest fakt, \u017ce po zako\u0144czeniu s\u0142u\u017cby pojazd trakcyjny nie zje\u017cd\u017ca &#8222;wg\u0142\u0105b sieci&#8221; lecz nocuje na stacji ko\u0144cowej w male\u0144kiej, jednostanowiskowej lokomotywowni, widocznej w tle. 13.08.2008<\/p>\n<\/div>\n","protected":false},"excerpt":{"rendered":"<p>810.326-9 jako jeden z siedmiu poci\u0105g\u00f3w (numer 25111) z oddalonego o 5 kilometr\u00f3w Opo\u010dna pod Orlick\u00fdmi horami sko\u0144czy\u0142 bieg. Ciekawostk\u0105 tej relacji jest fakt, \u017ce po zako\u0144czeniu s\u0142u\u017cby pojazd trakcyjny nie zje\u017cd\u017ca &#8222;wg\u0142\u0105b sieci&#8221; lecz nocuje na stacji ko\u0144cowej w male\u0144kiej, jednostanowiskowej lokomotywowni, widocznej w tle. 13.08.2008<\/p>\n","protected":false},"author":1,"featured_media":3439,"comment_status":"open","ping_status":"","sticky":false,"template":"","format":"standard","meta":{"footnotes":""},"categories":[2,120],"tags":[197,92,50,49,1561,94,24,1562],"class_list":["post-3438","post","type-post","status-publish","format-standard","has-post-thumbnail","hentry","category-kolej","category-rok-2008","tag-2008-08-13","tag-92","tag-cd","tag-czechy","tag-dobruska","tag-na-kolejowym-koncu-swiata","tag-perony","tag-tab-cz028"],"_links":{"self":[{"href":"https:\/\/wgphoto.pl\/t\/index.php?rest_route=\/wp\/v2\/posts\/3438","targetHints":{"allow":["GET"]}}],"collection":[{"href":"https:\/\/wgphoto.pl\/t\/index.php?rest_route=\/wp\/v2\/posts"}],"about":[{"href":"https:\/\/wgphoto.pl\/t\/index.php?rest_route=\/wp\/v2\/types\/post"}],"author":[{"embeddable":true,"href":"https:\/\/wgphoto.pl\/t\/index.php?rest_route=\/wp\/v2\/users\/1"}],"replies":[{"embeddable":true,"href":"https:\/\/wgphoto.pl\/t\/index.php?rest_route=%2Fwp%2Fv2%2Fcomments&post=3438"}],"version-history":[{"count":1,"href":"https:\/\/wgphoto.pl\/t\/index.php?rest_route=\/wp\/v2\/posts\/3438\/revisions"}],"predecessor-version":[{"id":3440,"href":"https:\/\/wgphoto.pl\/t\/index.php?rest_route=\/wp\/v2\/posts\/3438\/revisions\/3440"}],"wp:featuredmedia":[{"embeddable":true,"href":"https:\/\/wgphoto.pl\/t\/index.php?rest_route=\/wp\/v2\/media\/3439"}],"wp:attachment":[{"href":"https:\/\/wgphoto.pl\/t\/index.php?rest_route=%2Fwp%2Fv2%2Fmedia&parent=3438"}],"wp:term":[{"taxonomy":"category","embeddable":true,"href":"https:\/\/wgphoto.pl\/t\/index.php?rest_route=%2Fwp%2Fv2%2Fcategories&post=3438"},{"taxonomy":"post_tag","embeddable":true,"href":"https:\/\/wgphoto.pl\/t\/index.php?rest_route=%2Fwp%2Fv2%2Ftags&post=3438"}],"curies":[{"name":"wp","href":"https:\/\/api.w.org\/{rel}","templated":true}]}}