{"id":3448,"date":"2024-10-22T20:40:57","date_gmt":"2024-10-22T18:40:57","guid":{"rendered":"https:\/\/wgphoto.pl\/t\/?p=3448"},"modified":"2024-10-22T20:40:57","modified_gmt":"2024-10-22T18:40:57","slug":"objazd-na-bialych-tablicach","status":"publish","type":"post","link":"https:\/\/wgphoto.pl\/t\/?p=3448","title":{"rendered":"Objazd na bia\u0142ych tablicach"},"content":{"rendered":"\n<figure class=\"wp-block-image aligncenter size-full\"><img loading=\"lazy\" decoding=\"async\" width=\"750\" height=\"1000\" src=\"https:\/\/wgphoto.pl\/t\/wp-content\/uploads\/2024\/10\/2002y-03.jpg\" alt=\"\" class=\"wp-image-3449\" srcset=\"https:\/\/wgphoto.pl\/t\/wp-content\/uploads\/2024\/10\/2002y-03.jpg 750w, https:\/\/wgphoto.pl\/t\/wp-content\/uploads\/2024\/10\/2002y-03-225x300.jpg 225w\" sizes=\"auto, (max-width: 750px) 100vw, 750px\" \/><\/figure>\n\n\n\n<div class=\"wp-block-group has-global-padding is-layout-constrained wp-block-group-is-layout-constrained\">\n<p>Wroc\u0142aw, pl. Stanis\u0142awa Staszica. W tamtym okresie w dniu Wszystkich \u015awi\u0119tych na mo\u015bcie Trzebnickim wprowadzano ruch jednokierunkowy, dlatego tramwaje wracaj\u0105ce z Po\u015bwi\u0119tnego musia\u0142y korzysta\u0107 z s\u0105siedniego mostu Osobowickiego. Taki objazd jest przyczyn\u0105 pojawienia si\u0119 w tym miejscu si\u00f3demki. 01.11.2002<\/p>\n<\/div>\n","protected":false},"excerpt":{"rendered":"<p>Wroc\u0142aw, pl. Stanis\u0142awa Staszica. W tamtym okresie w dniu Wszystkich \u015awi\u0119tych na mo\u015bcie Trzebnickim wprowadzano ruch jednokierunkowy, dlatego tramwaje wracaj\u0105ce z Po\u015bwi\u0119tnego musia\u0142y korzysta\u0107 z s\u0105siedniego mostu Osobowickiego. Taki objazd jest przyczyn\u0105 pojawienia si\u0119 w tym miejscu si\u00f3demki. 01.11.2002<\/p>\n","protected":false},"author":1,"featured_media":3449,"comment_status":"open","ping_status":"","sticky":false,"template":"","format":"standard","meta":{"footnotes":""},"categories":[62,128,577,3],"tags":[1567,126,309,42,27,41],"class_list":["post-3448","post","type-post","status-publish","format-standard","has-post-thumbnail","hentry","category-analog","category-pionowe","category-rok-2002","category-tramwaj","tag-2002-11-01","tag-jesien","tag-konstal-102na","tag-mpk-wroclaw","tag-polska","tag-wroclaw"],"_links":{"self":[{"href":"https:\/\/wgphoto.pl\/t\/index.php?rest_route=\/wp\/v2\/posts\/3448","targetHints":{"allow":["GET"]}}],"collection":[{"href":"https:\/\/wgphoto.pl\/t\/index.php?rest_route=\/wp\/v2\/posts"}],"about":[{"href":"https:\/\/wgphoto.pl\/t\/index.php?rest_route=\/wp\/v2\/types\/post"}],"author":[{"embeddable":true,"href":"https:\/\/wgphoto.pl\/t\/index.php?rest_route=\/wp\/v2\/users\/1"}],"replies":[{"embeddable":true,"href":"https:\/\/wgphoto.pl\/t\/index.php?rest_route=%2Fwp%2Fv2%2Fcomments&post=3448"}],"version-history":[{"count":1,"href":"https:\/\/wgphoto.pl\/t\/index.php?rest_route=\/wp\/v2\/posts\/3448\/revisions"}],"predecessor-version":[{"id":3450,"href":"https:\/\/wgphoto.pl\/t\/index.php?rest_route=\/wp\/v2\/posts\/3448\/revisions\/3450"}],"wp:featuredmedia":[{"embeddable":true,"href":"https:\/\/wgphoto.pl\/t\/index.php?rest_route=\/wp\/v2\/media\/3449"}],"wp:attachment":[{"href":"https:\/\/wgphoto.pl\/t\/index.php?rest_route=%2Fwp%2Fv2%2Fmedia&parent=3448"}],"wp:term":[{"taxonomy":"category","embeddable":true,"href":"https:\/\/wgphoto.pl\/t\/index.php?rest_route=%2Fwp%2Fv2%2Fcategories&post=3448"},{"taxonomy":"post_tag","embeddable":true,"href":"https:\/\/wgphoto.pl\/t\/index.php?rest_route=%2Fwp%2Fv2%2Ftags&post=3448"}],"curies":[{"name":"wp","href":"https:\/\/api.w.org\/{rel}","templated":true}]}}