{"id":3489,"date":"2024-10-22T20:55:01","date_gmt":"2024-10-22T18:55:01","guid":{"rendered":"https:\/\/wgphoto.pl\/t\/?p=3489"},"modified":"2024-10-22T20:55:01","modified_gmt":"2024-10-22T18:55:01","slug":"dach-z-dachowki-woda-ze-studni","status":"publish","type":"post","link":"https:\/\/wgphoto.pl\/t\/?p=3489","title":{"rendered":"Dach z dach\u00f3wki, woda ze studni"},"content":{"rendered":"\n<figure class=\"wp-block-image aligncenter size-full\"><img loading=\"lazy\" decoding=\"async\" width=\"1200\" height=\"803\" src=\"https:\/\/wgphoto.pl\/t\/wp-content\/uploads\/2024\/10\/IMGP5071.jpg\" alt=\"\" class=\"wp-image-3490\" srcset=\"https:\/\/wgphoto.pl\/t\/wp-content\/uploads\/2024\/10\/IMGP5071.jpg 1200w, https:\/\/wgphoto.pl\/t\/wp-content\/uploads\/2024\/10\/IMGP5071-300x201.jpg 300w, https:\/\/wgphoto.pl\/t\/wp-content\/uploads\/2024\/10\/IMGP5071-768x514.jpg 768w\" sizes=\"auto, (max-width: 1200px) 100vw, 1200px\" \/><\/figure>\n\n\n\n<div class=\"wp-block-group has-global-padding is-layout-constrained wp-block-group-is-layout-constrained\">\n<p>SU42-522 z poci\u0105giem osobowym 33723 z Zag\u00f3rza do \u0141upkowa sfotografowa\u0142em\u2026 w\u0142a\u015bciwie nie wiem gdzie konkretnie, ale gdzie\u015b mi\u0119dzy Rzepedzi\u0105 a Koma\u0144cz\u0105. Jesieni\u0105 to miejsce musia\u0142oby wygl\u0105da\u0107 przecudownie. 23.07.2010<\/p>\n<\/div>\n","protected":false},"excerpt":{"rendered":"<p>SU42-522 z poci\u0105giem osobowym 33723 z Zag\u00f3rza do \u0141upkowa sfotografowa\u0142em\u2026 w\u0142a\u015bciwie nie wiem gdzie konkretnie, ale gdzie\u015b mi\u0119dzy Rzepedzi\u0105 a Koma\u0144cz\u0105. Jesieni\u0105 to miejsce musia\u0142oby wygl\u0105da\u0107 przecudownie. 23.07.2010<\/p>\n","protected":false},"author":1,"featured_media":3490,"comment_status":"open","ping_status":"","sticky":false,"template":"","format":"standard","meta":{"footnotes":""},"categories":[2,86],"tags":[1052,347,63,341,27,1576,250,344],"class_list":["post-3489","post","type-post","status-publish","format-standard","has-post-thumbnail","hentry","category-kolej","category-rok-2010","tag-2010-07-23","tag-komancza","tag-pkp","tag-podkarpacie-2010","tag-polska","tag-rzepedz","tag-su42","tag-tab-pl134"],"_links":{"self":[{"href":"https:\/\/wgphoto.pl\/t\/index.php?rest_route=\/wp\/v2\/posts\/3489","targetHints":{"allow":["GET"]}}],"collection":[{"href":"https:\/\/wgphoto.pl\/t\/index.php?rest_route=\/wp\/v2\/posts"}],"about":[{"href":"https:\/\/wgphoto.pl\/t\/index.php?rest_route=\/wp\/v2\/types\/post"}],"author":[{"embeddable":true,"href":"https:\/\/wgphoto.pl\/t\/index.php?rest_route=\/wp\/v2\/users\/1"}],"replies":[{"embeddable":true,"href":"https:\/\/wgphoto.pl\/t\/index.php?rest_route=%2Fwp%2Fv2%2Fcomments&post=3489"}],"version-history":[{"count":1,"href":"https:\/\/wgphoto.pl\/t\/index.php?rest_route=\/wp\/v2\/posts\/3489\/revisions"}],"predecessor-version":[{"id":3491,"href":"https:\/\/wgphoto.pl\/t\/index.php?rest_route=\/wp\/v2\/posts\/3489\/revisions\/3491"}],"wp:featuredmedia":[{"embeddable":true,"href":"https:\/\/wgphoto.pl\/t\/index.php?rest_route=\/wp\/v2\/media\/3490"}],"wp:attachment":[{"href":"https:\/\/wgphoto.pl\/t\/index.php?rest_route=%2Fwp%2Fv2%2Fmedia&parent=3489"}],"wp:term":[{"taxonomy":"category","embeddable":true,"href":"https:\/\/wgphoto.pl\/t\/index.php?rest_route=%2Fwp%2Fv2%2Fcategories&post=3489"},{"taxonomy":"post_tag","embeddable":true,"href":"https:\/\/wgphoto.pl\/t\/index.php?rest_route=%2Fwp%2Fv2%2Ftags&post=3489"}],"curies":[{"name":"wp","href":"https:\/\/api.w.org\/{rel}","templated":true}]}}