{"id":3519,"date":"2024-10-22T21:04:33","date_gmt":"2024-10-22T19:04:33","guid":{"rendered":"https:\/\/wgphoto.pl\/t\/?p=3519"},"modified":"2024-10-22T21:04:51","modified_gmt":"2024-10-22T19:04:51","slug":"suka-we-wroclawiu","status":"publish","type":"post","link":"https:\/\/wgphoto.pl\/t\/?p=3519","title":{"rendered":"SUka we Wroc\u0142awiu"},"content":{"rendered":"\n<figure class=\"wp-block-image aligncenter size-full\"><img loading=\"lazy\" decoding=\"async\" width=\"1200\" height=\"800\" src=\"https:\/\/wgphoto.pl\/t\/wp-content\/uploads\/2024\/10\/0702-09.jpg\" alt=\"\" class=\"wp-image-3520\" srcset=\"https:\/\/wgphoto.pl\/t\/wp-content\/uploads\/2024\/10\/0702-09.jpg 1200w, https:\/\/wgphoto.pl\/t\/wp-content\/uploads\/2024\/10\/0702-09-300x200.jpg 300w, https:\/\/wgphoto.pl\/t\/wp-content\/uploads\/2024\/10\/0702-09-768x512.jpg 768w\" sizes=\"auto, (max-width: 1200px) 100vw, 1200px\" \/><\/figure>\n\n\n\n<div class=\"wp-block-group has-global-padding is-layout-constrained wp-block-group-is-layout-constrained\">\n<p>ET22-966 i SU46-048 z poci\u0105giem EC 240\/37001 &#8222;Wawel&#8221; z Krakowa do Hamburga z niewielkim jak na ten dzie\u0144 op\u00f3\u017anieniem (nieca\u0142e 2 godz.) wjecha\u0142 w obr\u0119b Podg Grabiszyn. SUka nieplanowo przyjecha\u0142a do Wroc\u0142awia z &#8222;Bobrem&#8221; z \u017bar, liczy\u0142em wi\u0119c \u017ce samodzielnie poprowadzi &#8222;wafla&#8221;. Atrakcje, kt\u00f3re mo\u017cemy ogl\u0105da\u0107 na tym i poprzednich zdj\u0119ciach, spowodowane by\u0142y wichurami, kt\u00f3re nawiedzi\u0142y noc\u0105 wiele rejon\u00f3w Polski. 19.01.2007<\/p>\n<\/div>\n","protected":false},"excerpt":{"rendered":"<p>ET22-966 i SU46-048 z poci\u0105giem EC 240\/37001 &#8222;Wawel&#8221; z Krakowa do Hamburga z niewielkim jak na ten dzie\u0144 op\u00f3\u017anieniem (nieca\u0142e 2 godz.) wjecha\u0142 w obr\u0119b Podg Grabiszyn. SUka nieplanowo przyjecha\u0142a do Wroc\u0142awia z &#8222;Bobrem&#8221; z \u017bar, liczy\u0142em wi\u0119c \u017ce samodzielnie poprowadzi &#8222;wafla&#8221;. Atrakcje, kt\u00f3re mo\u017cemy ogl\u0105da\u0107 na tym i poprzednich zdj\u0119ciach, spowodowane by\u0142y wichurami, kt\u00f3re [&hellip;]<\/p>\n","protected":false},"author":1,"featured_media":3520,"comment_status":"open","ping_status":"","sticky":false,"template":"","format":"standard","meta":{"footnotes":""},"categories":[62,2,96],"tags":[1582,26,113,63,1544,27,84,233,41],"class_list":["post-3519","post","type-post","status-publish","format-standard","has-post-thumbnail","hentry","category-analog","category-kolej","category-rok-2007","tag-2007-01-19","tag-et22","tag-landszaft","tag-pkp","tag-podg-grabiszyn","tag-polska","tag-su46","tag-tab-pl260","tag-wroclaw"],"_links":{"self":[{"href":"https:\/\/wgphoto.pl\/t\/index.php?rest_route=\/wp\/v2\/posts\/3519","targetHints":{"allow":["GET"]}}],"collection":[{"href":"https:\/\/wgphoto.pl\/t\/index.php?rest_route=\/wp\/v2\/posts"}],"about":[{"href":"https:\/\/wgphoto.pl\/t\/index.php?rest_route=\/wp\/v2\/types\/post"}],"author":[{"embeddable":true,"href":"https:\/\/wgphoto.pl\/t\/index.php?rest_route=\/wp\/v2\/users\/1"}],"replies":[{"embeddable":true,"href":"https:\/\/wgphoto.pl\/t\/index.php?rest_route=%2Fwp%2Fv2%2Fcomments&post=3519"}],"version-history":[{"count":1,"href":"https:\/\/wgphoto.pl\/t\/index.php?rest_route=\/wp\/v2\/posts\/3519\/revisions"}],"predecessor-version":[{"id":3521,"href":"https:\/\/wgphoto.pl\/t\/index.php?rest_route=\/wp\/v2\/posts\/3519\/revisions\/3521"}],"wp:featuredmedia":[{"embeddable":true,"href":"https:\/\/wgphoto.pl\/t\/index.php?rest_route=\/wp\/v2\/media\/3520"}],"wp:attachment":[{"href":"https:\/\/wgphoto.pl\/t\/index.php?rest_route=%2Fwp%2Fv2%2Fmedia&parent=3519"}],"wp:term":[{"taxonomy":"category","embeddable":true,"href":"https:\/\/wgphoto.pl\/t\/index.php?rest_route=%2Fwp%2Fv2%2Fcategories&post=3519"},{"taxonomy":"post_tag","embeddable":true,"href":"https:\/\/wgphoto.pl\/t\/index.php?rest_route=%2Fwp%2Fv2%2Ftags&post=3519"}],"curies":[{"name":"wp","href":"https:\/\/api.w.org\/{rel}","templated":true}]}}