{"id":3525,"date":"2024-10-22T21:07:14","date_gmt":"2024-10-22T19:07:14","guid":{"rendered":"https:\/\/wgphoto.pl\/t\/?p=3525"},"modified":"2024-10-22T21:07:14","modified_gmt":"2024-10-22T19:07:14","slug":"tramwaj-na-dworcu-kolejowym-po-raz-pierwszy","status":"publish","type":"post","link":"https:\/\/wgphoto.pl\/t\/?p=3525","title":{"rendered":"Tramwaj na dworcu kolejowym po raz pierwszy"},"content":{"rendered":"\n<figure class=\"wp-block-image aligncenter size-full\"><img loading=\"lazy\" decoding=\"async\" width=\"1200\" height=\"795\" src=\"https:\/\/wgphoto.pl\/t\/wp-content\/uploads\/2024\/10\/IMGP3549.jpg\" alt=\"\" class=\"wp-image-3526\" srcset=\"https:\/\/wgphoto.pl\/t\/wp-content\/uploads\/2024\/10\/IMGP3549.jpg 1200w, https:\/\/wgphoto.pl\/t\/wp-content\/uploads\/2024\/10\/IMGP3549-300x199.jpg 300w, https:\/\/wgphoto.pl\/t\/wp-content\/uploads\/2024\/10\/IMGP3549-768x509.jpg 768w\" sizes=\"auto, (max-width: 1200px) 100vw, 1200px\" \/><\/figure>\n\n\n\n<div class=\"wp-block-group has-global-padding is-layout-constrained wp-block-group-is-layout-constrained\">\n<p>Do 2014 roku funkcjonowa\u0142a tramwajowa p\u0119tla uliczna przed dworcem Chemnitz Hbf. Nast\u0119pnie przesuni\u0119to j\u0105 o par\u0119 ulic, wprowadzaj\u0105c tory tramwajowe pod hal\u0119 peronow\u0105 dworca g\u0142\u00f3wnego. Lewa para tor\u00f3w wchodzi w sk\u0142ad wspomnianej p\u0119tli ulicznej, kt\u00f3r\u0105 linie 4 i C11 pokonuj\u0105 w prawo, a tr\u00f3jka &#8211; w lewo. Prawa para tor\u00f3w s\u0142u\u017cy tramwajom regionalnym. Na sieci trakcyjnej nad nimi mo\u017cna si\u0119 dopatrze\u0107 znaku zakazu wjazdu pojazd\u00f3w &#8222;au\u00dfer EBO&#8221;. 22.09.2017<\/p>\n<\/div>\n","protected":false},"excerpt":{"rendered":"<p>Do 2014 roku funkcjonowa\u0142a tramwajowa p\u0119tla uliczna przed dworcem Chemnitz Hbf. Nast\u0119pnie przesuni\u0119to j\u0105 o par\u0119 ulic, wprowadzaj\u0105c tory tramwajowe pod hal\u0119 peronow\u0105 dworca g\u0142\u00f3wnego. Lewa para tor\u00f3w wchodzi w sk\u0142ad wspomnianej p\u0119tli ulicznej, kt\u00f3r\u0105 linie 4 i C11 pokonuj\u0105 w prawo, a tr\u00f3jka &#8211; w lewo. Prawa para tor\u00f3w s\u0142u\u017cy tramwajom regionalnym. Na sieci [&hellip;]<\/p>\n","protected":false},"author":1,"featured_media":3526,"comment_status":"open","ping_status":"","sticky":false,"template":"","format":"standard","meta":{"footnotes":""},"categories":[368,3],"tags":[1525,732,1584,730,179,23,154,905,1011],"class_list":["post-3525","post","type-post","status-publish","format-standard","has-post-thumbnail","hentry","category-rok-2017","category-tramwaj","tag-2017-09-22","tag-chemnitz","tag-chemnitz-hauptbahnhof","tag-cvag-chemnitz","tag-hala-peronowa","tag-niemcy","tag-noc","tag-przez","tag-tatra-t3"],"_links":{"self":[{"href":"https:\/\/wgphoto.pl\/t\/index.php?rest_route=\/wp\/v2\/posts\/3525","targetHints":{"allow":["GET"]}}],"collection":[{"href":"https:\/\/wgphoto.pl\/t\/index.php?rest_route=\/wp\/v2\/posts"}],"about":[{"href":"https:\/\/wgphoto.pl\/t\/index.php?rest_route=\/wp\/v2\/types\/post"}],"author":[{"embeddable":true,"href":"https:\/\/wgphoto.pl\/t\/index.php?rest_route=\/wp\/v2\/users\/1"}],"replies":[{"embeddable":true,"href":"https:\/\/wgphoto.pl\/t\/index.php?rest_route=%2Fwp%2Fv2%2Fcomments&post=3525"}],"version-history":[{"count":1,"href":"https:\/\/wgphoto.pl\/t\/index.php?rest_route=\/wp\/v2\/posts\/3525\/revisions"}],"predecessor-version":[{"id":3527,"href":"https:\/\/wgphoto.pl\/t\/index.php?rest_route=\/wp\/v2\/posts\/3525\/revisions\/3527"}],"wp:featuredmedia":[{"embeddable":true,"href":"https:\/\/wgphoto.pl\/t\/index.php?rest_route=\/wp\/v2\/media\/3526"}],"wp:attachment":[{"href":"https:\/\/wgphoto.pl\/t\/index.php?rest_route=%2Fwp%2Fv2%2Fmedia&parent=3525"}],"wp:term":[{"taxonomy":"category","embeddable":true,"href":"https:\/\/wgphoto.pl\/t\/index.php?rest_route=%2Fwp%2Fv2%2Fcategories&post=3525"},{"taxonomy":"post_tag","embeddable":true,"href":"https:\/\/wgphoto.pl\/t\/index.php?rest_route=%2Fwp%2Fv2%2Ftags&post=3525"}],"curies":[{"name":"wp","href":"https:\/\/api.w.org\/{rel}","templated":true}]}}