{"id":3528,"date":"2024-10-22T21:08:37","date_gmt":"2024-10-22T19:08:37","guid":{"rendered":"https:\/\/wgphoto.pl\/t\/?p=3528"},"modified":"2025-02-07T18:19:00","modified_gmt":"2025-02-07T17:19:00","slug":"transport-miejski-i-regionalny","status":"publish","type":"post","link":"https:\/\/wgphoto.pl\/t\/?p=3528","title":{"rendered":"Transport miejski i regionalny"},"content":{"rendered":"\n<figure class=\"wp-block-image aligncenter size-full\"><img loading=\"lazy\" decoding=\"async\" width=\"1200\" height=\"795\" src=\"https:\/\/wgphoto.pl\/t\/wp-content\/uploads\/2024\/10\/IMGP3545-1.jpg\" alt=\"\" class=\"wp-image-3530\" srcset=\"https:\/\/wgphoto.pl\/t\/wp-content\/uploads\/2024\/10\/IMGP3545-1.jpg 1200w, https:\/\/wgphoto.pl\/t\/wp-content\/uploads\/2024\/10\/IMGP3545-1-300x199.jpg 300w, https:\/\/wgphoto.pl\/t\/wp-content\/uploads\/2024\/10\/IMGP3545-1-768x509.jpg 768w\" sizes=\"auto, (max-width: 1200px) 100vw, 1200px\" \/><\/figure>\n\n\n\n<div class=\"wp-block-group has-global-padding is-layout-constrained wp-block-group-is-layout-constrained\">\n<p>Chemnitz Hauptbahnhof. W tym miejscu, za pomoc\u0105 prawej pary tor\u00f3w, tramwaje regionalne wje\u017cd\u017caj\u0105 z sieci tramwajowej na kolejow\u0105 i odwrotnie. 22.09.2017<\/p>\n<\/div>\n","protected":false},"excerpt":{"rendered":"<p>Chemnitz Hauptbahnhof. W tym miejscu, za pomoc\u0105 prawej pary tor\u00f3w, tramwaje regionalne wje\u017cd\u017caj\u0105 z sieci tramwajowej na kolejow\u0105 i odwrotnie. 22.09.2017<\/p>\n","protected":false},"author":1,"featured_media":3530,"comment_status":"open","ping_status":"","sticky":false,"template":"","format":"standard","meta":{"footnotes":""},"categories":[368,3],"tags":[1525,732,1584,3122,3121,730,179,23,154,1011,1153],"class_list":["post-3528","post","type-post","status-publish","format-standard","has-post-thumbnail","hentry","category-rok-2017","category-tramwaj","tag-2017-09-22","tag-chemnitz","tag-chemnitz-hauptbahnhof","tag-city-bahn-chemnitz-2","tag-citylink","tag-cvag-chemnitz","tag-hala-peronowa","tag-niemcy","tag-noc","tag-tatra-t3","tag-tramwaj-regionalny"],"_links":{"self":[{"href":"https:\/\/wgphoto.pl\/t\/index.php?rest_route=\/wp\/v2\/posts\/3528","targetHints":{"allow":["GET"]}}],"collection":[{"href":"https:\/\/wgphoto.pl\/t\/index.php?rest_route=\/wp\/v2\/posts"}],"about":[{"href":"https:\/\/wgphoto.pl\/t\/index.php?rest_route=\/wp\/v2\/types\/post"}],"author":[{"embeddable":true,"href":"https:\/\/wgphoto.pl\/t\/index.php?rest_route=\/wp\/v2\/users\/1"}],"replies":[{"embeddable":true,"href":"https:\/\/wgphoto.pl\/t\/index.php?rest_route=%2Fwp%2Fv2%2Fcomments&post=3528"}],"version-history":[{"count":1,"href":"https:\/\/wgphoto.pl\/t\/index.php?rest_route=\/wp\/v2\/posts\/3528\/revisions"}],"predecessor-version":[{"id":3531,"href":"https:\/\/wgphoto.pl\/t\/index.php?rest_route=\/wp\/v2\/posts\/3528\/revisions\/3531"}],"wp:featuredmedia":[{"embeddable":true,"href":"https:\/\/wgphoto.pl\/t\/index.php?rest_route=\/wp\/v2\/media\/3530"}],"wp:attachment":[{"href":"https:\/\/wgphoto.pl\/t\/index.php?rest_route=%2Fwp%2Fv2%2Fmedia&parent=3528"}],"wp:term":[{"taxonomy":"category","embeddable":true,"href":"https:\/\/wgphoto.pl\/t\/index.php?rest_route=%2Fwp%2Fv2%2Fcategories&post=3528"},{"taxonomy":"post_tag","embeddable":true,"href":"https:\/\/wgphoto.pl\/t\/index.php?rest_route=%2Fwp%2Fv2%2Ftags&post=3528"}],"curies":[{"name":"wp","href":"https:\/\/api.w.org\/{rel}","templated":true}]}}